{"id":57844,"date":"2017-09-18T00:00:00","date_gmt":"2017-09-18T06:00:00","guid":{"rendered":"https:\/\/dralvarez.com.mx\/larevista\/blog\/garbo-desfile-por-el-aniversario-del-inicio-de-la-independencia-de-mexico-17418"},"modified":"2017-09-18T00:00:00","modified_gmt":"2017-09-18T06:00:00","slug":"garbo-desfile-por-el-aniversario-del-inicio-de-la-independencia-de-mexico-17418","status":"publish","type":"post","link":"https:\/\/dralvarez.com.mx\/larevista\/yucatan\/garbo-desfile-por-el-aniversario-del-inicio-de-la-independencia-de-mexico-17418","title":{"rendered":"Garbo desfile, por el aniversario del inicio de la Independencia de M\u00e9xico"},"content":{"rendered":"<\/p>\n<p>Desde muy temprano, miles de familias yucatecas llegaron al Centro Hist\u00f3rico de la ciudad para apreciar el desfile c\u00edvico militar con motivo del 207 aniversario del inicio de la Independencia de M\u00e9xico, en el que participaron m\u00e1s de seis mil 800 efectivos distribuidos en 69 contingentes.<\/p>\n<p>Desde el balc\u00f3n principal del Palacio de Gobierno, el titular del Poder Ejecutivo, Rolando Zapata Bello, presenci\u00f3 junto con autoridades civiles y militares el paso de cada una de las agrupaciones que conformaron la columna, las cuales mostraron gallard\u00eda y marcialidad durante el derrotero, que inici\u00f3 en el Paseo de Montejo, atraves\u00f3 el Centro Hist\u00f3rico y concluy\u00f3 en el parque de San Juan.<\/p>\n<p>En punto de las 8:05 horas, el mandatario dio la autorizaci\u00f3n para el inicio del desfile, que estuvo encabezado por un grupo de motociclistas de la Secretar\u00eda de Seguridad P\u00fablica (SSP), guiado al frente por su titular, Luis Felipe Said\u00e9n Ojeda.<\/p>\n<p>Al ritmo de tamboras, los participantes hicieron gala de disciplina, marcialidad y respeto a nuestros s\u00edmbolos patrios en su marcha por las principales calles de la ciudad. En el trayecto se pudo observar tambi\u00e9n a diversos grupos como la Unidad Canina y el Escuadr\u00f3n Femenil de la dependencia, as\u00ed como a integrantes de las Unidades Especializadas en la Escena del Crimen.<\/p>\n<p>El Centro Hist\u00f3rico estuvo colmado por los miles de asistentes que disfrutaron el recorrido, que incluy\u00f3 a 59 escuelas de secundaria, bachillerato, t\u00e9cnicas y de educaci\u00f3n superior, como la Universidad Aut\u00f3noma de Yucat\u00e1n (UADY), el Instituto Tecnol\u00f3gico de M\u00e9rida (ITM), el Colegio de Bachilleres del Estado de Yucat\u00e1n (Cobay) y planteles locales del Colegio Nacional de Educaci\u00f3n Profesional T\u00e9cnica (Conalep).<\/p>\n<p>Acompa\u00f1ado por su esposa y Presidenta del Sistema para el Desarrollo Integral de la Familia (DIF) Yucat\u00e1n, Sarita Blancarte de Zapata, y sus hijos Monserrat y Rolando, el mandatario observ\u00f3 las maniobras realizadas por los aviones tipo PC-7 de la Fuerza A\u00e9rea Mexicana que surcaron el cielo con motivo de la efem\u00e9ride.<\/p>\n<p>En el evento c\u00edvico, que se extendi\u00f3 por 90 minutos, los presentes apreciaron al contingente de la Fiscal\u00eda General del Estado (FGE), as\u00ed como a miembros del Grupo de Reacci\u00f3n Organizada contra Asaltos (ROCA), el Escuadr\u00f3n Canino K9, Alerta Amber y los Servicios Periciales.<\/p>\n<p>Con orden, porte y fidelidad, marcharon mil 96 elementos del Ej\u00e9rcito Mexicano, 206 de la Zona Naval, 65 de la Polic\u00eda Federal, mil 123 de la SSP y 220 de la Polic\u00eda Municipal. Asimismo, se exhibieron 246 veh\u00edculos, 73 motocicletas, siete embarcaciones y mil 757 piezas de armamento.<\/p>\n<p>Los automotores de las Fuerzas Armadas que formaron parte del derrotero son usados como parte del Plan DN-III- E, dispuestos para dar apoyo en las diferentes comunidades de todo el pa\u00eds en caso de desastres.<\/p>\n<p>Finalmente, el comandante del 11\u00b0 Batall\u00f3n de Infanter\u00eda de la Secretar\u00eda de la Defensa Nacional (Sedena), coronel Sinesio Maga\u00f1a Ortiz, report\u00f3 que todo el evento transcurri\u00f3 sin novedad. A\u00f1adi\u00f3 que asistieron escoltas y bandas de guerra, as\u00ed como miembros del Cuartel General de la X Regi\u00f3n Militar, del 11\u00b0 Batall\u00f3n de Infanter\u00eda Militar y del 7\u00b0 Batall\u00f3n de Ingenieros de Combate.<\/p>\n<p>Asimismo, de la Base A\u00e9rea Militar n\u00famero 8, del Hospital Militar Regional de Especialidades, de la 10\u00b0 Compa\u00f1\u00eda de Mantenimiento, adem\u00e1s de los 7\u00b0 y 8\u00b0 Regimientos de Caballer\u00eda Motorizados y del Plan DN-III-E.<\/p>\n<p>Previo al desfile, el Gobernador presidi\u00f3 el izamiento de Bandera en la Plaza Grande y la premiaci\u00f3n del Trig\u00e9simo Quinto Concurso de Interpretaci\u00f3n del Himno Nacional Mexicano, del cual result\u00f3 ganadora la Escuela Secundaria General n\u00famero 10 &#8220;Jos\u00e9 Andr\u00e9s Antu\u00f1a S\u00e1nchez&#8221;.<\/p>\n<p>El m\u00e9rito fue recibido por el titular del plantel, Eduardo Gaspar Mendoza Osorio; la directora del coro, Mayra Guadalupe L\u00f3pez M\u00e9ndez y en representaci\u00f3n de los alumnos, Valentina Salazar Lizcano y Tamaris Abigail Bat\u00fan Cei, de tercero y segundo grado, respectivamente.<\/p>\n<p><\/p>\n","protected":false},"excerpt":{"rendered":"<p>Los contingentes dan muestra de gallard\u00eda y marcialidad.<\/p>\n","protected":false},"author":1018,"featured_media":0,"comment_status":"open","ping_status":"open","sticky":false,"template":"","format":"standard","meta":{"tdm_status":"","tdm_grid_status":"","footnotes":""},"categories":[21],"tags":[],"_links":{"self":[{"href":"https:\/\/dralvarez.com.mx\/larevista\/wp-json\/wp\/v2\/posts\/57844"}],"collection":[{"href":"https:\/\/dralvarez.com.mx\/larevista\/wp-json\/wp\/v2\/posts"}],"about":[{"href":"https:\/\/dralvarez.com.mx\/larevista\/wp-json\/wp\/v2\/types\/post"}],"author":[{"embeddable":true,"href":"https:\/\/dralvarez.com.mx\/larevista\/wp-json\/wp\/v2\/users\/1018"}],"replies":[{"embeddable":true,"href":"https:\/\/dralvarez.com.mx\/larevista\/wp-json\/wp\/v2\/comments?post=57844"}],"version-history":[{"count":0,"href":"https:\/\/dralvarez.com.mx\/larevista\/wp-json\/wp\/v2\/posts\/57844\/revisions"}],"wp:attachment":[{"href":"https:\/\/dralvarez.com.mx\/larevista\/wp-json\/wp\/v2\/media?parent=57844"}],"wp:term":[{"taxonomy":"category","embeddable":true,"href":"https:\/\/dralvarez.com.mx\/larevista\/wp-json\/wp\/v2\/categories?post=57844"},{"taxonomy":"post_tag","embeddable":true,"href":"https:\/\/dralvarez.com.mx\/larevista\/wp-json\/wp\/v2\/tags?post=57844"}],"curies":[{"name":"wp","href":"https:\/\/api.w.org\/{rel}","templated":true}]}}