{"id":57838,"date":"2017-09-18T00:00:00","date_gmt":"2017-09-18T06:00:00","guid":{"rendered":"https:\/\/dralvarez.com.mx\/larevista\/blog\/record-de-asistencia-de-los-yucatecos-a-la-noche-del-grito-17412"},"modified":"2017-09-18T00:00:00","modified_gmt":"2017-09-18T06:00:00","slug":"record-de-asistencia-de-los-yucatecos-a-la-noche-del-grito-17412","status":"publish","type":"post","link":"https:\/\/dralvarez.com.mx\/larevista\/yucatan\/record-de-asistencia-de-los-yucatecos-a-la-noche-del-grito-17412","title":{"rendered":"R\u00e9cord de asistencia de los yucatecos a la Noche del Grito"},"content":{"rendered":"<\/p>\n<p>En un ambiente de fiesta popular, m\u00e1s de 55 mil yucatecos hicieron vibrar la Plaza Grande de esta ciudad al rememorar junto con el Gobernador Rolando Zapata Bello el 207 aniversario del inicio de la lucha por la Independencia nacional, con lo que impusieron un nuevo r\u00e9cord de asistencia a esta celebraci\u00f3n.<\/p>\n<p>El mandatario estatal, acompa\u00f1ado de la Presidenta del Sistema para el Desarrollo Integral de la Familia (DIF) Yucat\u00e1n, Sarita Blancarte de Zapata, record\u00f3 ante miles de ni\u00f1os, j\u00f3venes y adultos con los rostros pintados, vestimenta y accesorios de los colores patrios, el tradicional grito con el que el cura Miguel Hidalgo y Costilla convoc\u00f3 en 1810 a la lucha armada, a lo que los presentes contestaron con un un\u00edsono &#8220;\u00a1Viva!&#8221;.<\/p>\n<p>Tras la lectura del Acta de Independencia por parte del secretario General de Gobierno, Roberto Rodr\u00edguez Asaf, Zapata Bello apareci\u00f3 junto con representantes de los Poderes Legislativo y Judicial, as\u00ed como de las Fuerzas Armadas, en el balc\u00f3n principal de la sede del Ejecutivo, con el l\u00e1baro patrio en las manos para expresar la arenga a los h\u00e9roes nacionales y hacer sonar la campana como en aquella madrugada.<\/p>\n<p>&#8220;Mexicanos, viva Miguel Hidalgo y Costilla. Viva Jos\u00e9 Mar\u00eda Morelos y Pav\u00f3n. Viva Josefa Ortiz de Dom\u00ednguez. Viva Ignacio Allende. Viva Vicente Guerrero. Viva la soberan\u00eda nacional. Viva M\u00e9xico&#8221;, expres\u00f3 el Gobernador y, tras cada frase, se escuchaban los \u201c\u00a1Viva!\u201d que respond\u00edan los miles de asistentes que colmaron el coraz\u00f3n del Centro Hist\u00f3rico de esta capital.<\/p>\n<p>Fue entonces cuando, no obstante la lluvia que minutos antes sorprendi\u00f3 a la concurrencia, el j\u00fabilo y el ambiente alcanzaron sus niveles m\u00e1s altos: las banderas comenzaron a ondear; las trompetas, a sonar, y los corazones, a latir m\u00e1s fuerte, lo que dio paso al canto del Himno Nacional, momento especial que se experiment\u00f3 hasta en calles aleda\u00f1as. Despu\u00e9s, luces multicolores iluminaron la mirada de los presentes que, con notable entusiasmo, siguieron celebrando con matracas y cornetas.<\/p>\n<p>Una vez concluida la ceremonia, el p\u00fablico disfrut\u00f3 del concierto gratuito que ofreci\u00f3 La Arrolladora Banda El Lim\u00f3n, agrupaci\u00f3n musical que con sus m\u00e1s grandes \u00e9xitos puso a bailar y cantar a los yucatecos, como cierre de la fiesta popular que se vivi\u00f3 en la Plaza Grande.<\/p>\n<p>Para garantizar que las actividades se realizaran en total orden y armon\u00eda, se implement\u00f3 un operativo de vigilancia a cargo de mil 600 elementos pertenecientes a las Secretar\u00edas de Seguridad P\u00fablica (SSP) y de la Marina Armada de M\u00e9xico (Semar), as\u00ed como al Ej\u00e9rcito de Mexicano, la Procuradur\u00eda General de la Rep\u00fablica (PGR), la Fiscal\u00eda General del Estado (FGE) y las Polic\u00edas Federal (PF) y Municipal de M\u00e9rida.<\/p>\n<p>Antes, durante y despu\u00e9s de la celebraci\u00f3n, se cont\u00f3 con un total de nueve filtros de seguridad alrededor de la sede, torres de vigilancia, unidades de emergencia y de monitoreo C-4, vallas met\u00e1licas y equipos caninos para el resguardo de la integridad de la ciudadan\u00eda.<\/p>\n<p><\/p>\n","protected":false},"excerpt":{"rendered":"<p>M\u00e1s de 55 mil personas hacen vibrar el Centro Hist\u00f3rico de M\u00e9rida.<\/p>\n","protected":false},"author":1018,"featured_media":0,"comment_status":"open","ping_status":"open","sticky":false,"template":"","format":"standard","meta":{"tdm_status":"","tdm_grid_status":"","footnotes":""},"categories":[21],"tags":[],"_links":{"self":[{"href":"https:\/\/dralvarez.com.mx\/larevista\/wp-json\/wp\/v2\/posts\/57838"}],"collection":[{"href":"https:\/\/dralvarez.com.mx\/larevista\/wp-json\/wp\/v2\/posts"}],"about":[{"href":"https:\/\/dralvarez.com.mx\/larevista\/wp-json\/wp\/v2\/types\/post"}],"author":[{"embeddable":true,"href":"https:\/\/dralvarez.com.mx\/larevista\/wp-json\/wp\/v2\/users\/1018"}],"replies":[{"embeddable":true,"href":"https:\/\/dralvarez.com.mx\/larevista\/wp-json\/wp\/v2\/comments?post=57838"}],"version-history":[{"count":0,"href":"https:\/\/dralvarez.com.mx\/larevista\/wp-json\/wp\/v2\/posts\/57838\/revisions"}],"wp:attachment":[{"href":"https:\/\/dralvarez.com.mx\/larevista\/wp-json\/wp\/v2\/media?parent=57838"}],"wp:term":[{"taxonomy":"category","embeddable":true,"href":"https:\/\/dralvarez.com.mx\/larevista\/wp-json\/wp\/v2\/categories?post=57838"},{"taxonomy":"post_tag","embeddable":true,"href":"https:\/\/dralvarez.com.mx\/larevista\/wp-json\/wp\/v2\/tags?post=57838"}],"curies":[{"name":"wp","href":"https:\/\/api.w.org\/{rel}","templated":true}]}}