{"id":57837,"date":"2017-09-18T00:00:00","date_gmt":"2017-09-18T06:00:00","guid":{"rendered":"https:\/\/dralvarez.com.mx\/larevista\/blog\/devuelven-la-vision-a-derechohabiente-con-cataratas-17411"},"modified":"2017-09-18T00:00:00","modified_gmt":"2017-09-18T06:00:00","slug":"devuelven-la-vision-a-derechohabiente-con-cataratas-17411","status":"publish","type":"post","link":"https:\/\/dralvarez.com.mx\/larevista\/yucatan\/devuelven-la-vision-a-derechohabiente-con-cataratas-17411","title":{"rendered":"Devuelven la visi\u00f3n a derechohabiente con cataratas"},"content":{"rendered":"<\/p>\n<p>El derechohabiente del Instituto Mexicano del Seguro Social en Yucat\u00e1n, Francisco Javier Talango Castilla, de 68 a\u00f1os de edad, presentaba un problema de cataratas en el ojo derecho que afectaba de manera importante su calidad de vida.<\/p>\n<p>Dej\u00f3 de hacer actividades cotidianas como trabajar y manejar su autom\u00f3vil, \u201chace dos a\u00f1os se nubl\u00f3 mi vista, empec\u00e9 a sentir molestias en el ojo derecho, ve\u00eda todo borroso, dej\u00e9 de preparar mis tortas para vender, porque no alcanzaba a ver bien\u201d, expres\u00f3.<\/p>\n<p>Ante el malestar, decidi\u00f3 acudir a la Unidad M\u00e9dica de Atenci\u00f3n Ambulatoria para buscar una soluci\u00f3n a sus cataratas, el m\u00e9dico adscrito al departamento de Oftalmolog\u00eda de esta Unidad, Oliver Franco Ni\u00f1o, fue quien lo atendi\u00f3 y ofreci\u00f3 una t\u00e9cnica m\u00ednimamente invasiva llamada Facoemulsificaci\u00f3n, \u201c el se\u00f1or Francisco Javier Talango Castilla, lleg\u00f3 con nosotros hace poco m\u00e1s de un mes, le realizamos diversos estudios que arrojaron diagn\u00f3stico de cataratas, posteriormente lo programamos para cirug\u00eda de \u201cFacoemulsificaci\u00f3n\u201d la cual sirve para para retirar la catarata y se coloca un lente intraocular, este procedimiento no nos lleva m\u00e1s de 15 minutos y regresa la visi\u00f3n hasta en un 100 por ciento\u201d, explic\u00f3 el especialista del IMSS.<\/p>\n<p>El se\u00f1or Talango se recuper\u00f3 r\u00e1pidamente y regres\u00f3 a trabajar a su negocio, asegura que ya se siente seguro para cocinar y manejar su veh\u00edculo, agradece la<\/p>\n<p>atenci\u00f3n que recibi\u00f3 a los m\u00e9dicos de la Unidad M\u00e9dica de Atenci\u00f3n Ambulatoria: \u201cMejor\u00f3 bastante mi calidad de vida, ya no necesito lentes para manejar, los uso solo para proteger mi vista, preparo mis tortas como antes, estoy muy agradecido porque son unas bellas personas, me trataron perfectamente bien y de verdad que les doy las gracias.<\/p>\n<p>Se estima que cada mes en la Unidad M\u00e9dica de Atenci\u00f3n Ambulatoria del IMSS en Yucat\u00e1n se realizan alrededor de 100 cirug\u00edas de cataratas, un problema que afecta principalmente a la poblaci\u00f3n mayor de 60 a\u00f1os de edad.<\/p>\n<p><\/p>\n","protected":false},"excerpt":{"rendered":"<p>Debido al problema de cataratas, el se\u00f1or Javier Talango Castilla dej\u00f3 de trabajar, incluso de manejar su autom\u00f3vil<\/p>\n<p>\u00b7Fue sometido a la t\u00e9cnica de c<\/p>\n","protected":false},"author":1018,"featured_media":0,"comment_status":"open","ping_status":"open","sticky":false,"template":"","format":"standard","meta":{"tdm_status":"","tdm_grid_status":"","footnotes":""},"categories":[21],"tags":[],"_links":{"self":[{"href":"https:\/\/dralvarez.com.mx\/larevista\/wp-json\/wp\/v2\/posts\/57837"}],"collection":[{"href":"https:\/\/dralvarez.com.mx\/larevista\/wp-json\/wp\/v2\/posts"}],"about":[{"href":"https:\/\/dralvarez.com.mx\/larevista\/wp-json\/wp\/v2\/types\/post"}],"author":[{"embeddable":true,"href":"https:\/\/dralvarez.com.mx\/larevista\/wp-json\/wp\/v2\/users\/1018"}],"replies":[{"embeddable":true,"href":"https:\/\/dralvarez.com.mx\/larevista\/wp-json\/wp\/v2\/comments?post=57837"}],"version-history":[{"count":0,"href":"https:\/\/dralvarez.com.mx\/larevista\/wp-json\/wp\/v2\/posts\/57837\/revisions"}],"wp:attachment":[{"href":"https:\/\/dralvarez.com.mx\/larevista\/wp-json\/wp\/v2\/media?parent=57837"}],"wp:term":[{"taxonomy":"category","embeddable":true,"href":"https:\/\/dralvarez.com.mx\/larevista\/wp-json\/wp\/v2\/categories?post=57837"},{"taxonomy":"post_tag","embeddable":true,"href":"https:\/\/dralvarez.com.mx\/larevista\/wp-json\/wp\/v2\/tags?post=57837"}],"curies":[{"name":"wp","href":"https:\/\/api.w.org\/{rel}","templated":true}]}}