{"id":57833,"date":"2017-09-18T00:00:00","date_gmt":"2017-09-18T06:00:00","guid":{"rendered":"https:\/\/dralvarez.com.mx\/larevista\/blog\/convocatoria-de-la-sedena-17407"},"modified":"2017-09-18T00:00:00","modified_gmt":"2017-09-18T06:00:00","slug":"convocatoria-de-la-sedena-17407","status":"publish","type":"post","link":"https:\/\/dralvarez.com.mx\/larevista\/yucatan\/convocatoria-de-la-sedena-17407","title":{"rendered":"Convocatoria de la SEDENA"},"content":{"rendered":"<\/p>\n<p>A las ciudadanas mexicanas de 18 a 29 a\u00f1os y 11 meses, con deseos de superaci\u00f3n, que quieran cubrir vacantes, causando alta en el Ej\u00e9rcito y Fuerza A\u00e9rea Mexicanos como Soldado Auxiliar Oficinista y formar parte del personal perteneciente al Cuartel General de la 32\/a. Zona Militar, con sede en la Ciudad Valladolid, Yuc.:<\/p>\n<\/p>\n<p>I. Requisitos:<\/p>\n<\/p>\n<p>A. Ser mexicana por nacimiento y no haber adquirido otra nacionalidad.<\/p>\n<p>B. Ser soltera y no vivir en concubinato.<\/p>\n<p>C. Edad: de 18 a\u00f1os cumplidos y no mayor de 29 a\u00f1os y 11 meses.<\/p>\n<p>D. Estar sana y apta cl\u00ednica y psicol\u00f3gicamente para el servicio de las armas, lo que se acreditar\u00e1 mediante el certificado m\u00e9dico expedido por el escal\u00f3n sanitario correspondiente.<\/p>\n<p>E. Estatura m\u00ednima de 1.60 metros.<\/p>\n<p>F. Disponer de los documentos originales siguientes:<\/p>\n<p>a. Credencial del Instituto Nacional Electoral.<\/p>\n<p>b. Clave \u00fanica de registro de poblaci\u00f3n (C.U.R.P.).<\/p>\n<p>c. Comprobante de domicilio (recibo de luz, tel., agua).<\/p>\n<p>d. Contar con certificado de estudios nivel m\u00ednimo de Bachillerato.<\/p>\n<p>e. Acta de nacimiento con vigencia de no m\u00e1s de tres meses de haber sido expedida.<\/p>\n<p>f. Contar con constancia de antecedentes no penales.<\/p>\n<p>G. Traer Solicitud de Empleo con Fotograf\u00eda.<\/p>\n<\/p>\n<p>II. Beneficios:<\/p>\n<\/p>\n<p>A. Sueldo base.<\/p>\n<p>B. Servicio m\u00e9dico integral.<\/p>\n<p>C. Fondo de trabajo.<\/p>\n<p>D. Seguro de vida.<\/p>\n<p>E. Vestuario y equipo.<\/p>\n<p>F. Vacaciones.<\/p>\n<p>G. Prestaciones diversas.<\/p>\n<p>H. Licencias por estado de gravidez.<\/p>\n<p>I. Contando con ruta profesional, mediante la formaci\u00f3n de carrera militar en planteles militares.<\/p>\n<p>J. Entre otros.<\/p>\n<\/p>\n<p>La recepci\u00f3n de solicitudes es a partir de la publicaci\u00f3n de la presente y hasta cubrir las vacantes existentes; para mayores informes los interesados deber\u00e1n acudir de 0800 a 1300 hrs. de lunes a viernes y s\u00e1bados de 0830 a 1030 hrs., a las instalaciones de la 32\/a. Zona Militar ubicada en la Avenida Centenario del Ej\u00e9rcito Mexicano S\/N., Colonia Militar, de Valladolid, Yuc.<\/p>\n<p><\/p>\n","protected":false},"excerpt":{"rendered":"<p>Formar parte del personal perteneciente al Cuartel General de la 32\/a. Zona Militar.<\/p>\n","protected":false},"author":1018,"featured_media":0,"comment_status":"open","ping_status":"open","sticky":false,"template":"","format":"standard","meta":{"tdm_status":"","tdm_grid_status":"","footnotes":""},"categories":[21],"tags":[],"_links":{"self":[{"href":"https:\/\/dralvarez.com.mx\/larevista\/wp-json\/wp\/v2\/posts\/57833"}],"collection":[{"href":"https:\/\/dralvarez.com.mx\/larevista\/wp-json\/wp\/v2\/posts"}],"about":[{"href":"https:\/\/dralvarez.com.mx\/larevista\/wp-json\/wp\/v2\/types\/post"}],"author":[{"embeddable":true,"href":"https:\/\/dralvarez.com.mx\/larevista\/wp-json\/wp\/v2\/users\/1018"}],"replies":[{"embeddable":true,"href":"https:\/\/dralvarez.com.mx\/larevista\/wp-json\/wp\/v2\/comments?post=57833"}],"version-history":[{"count":0,"href":"https:\/\/dralvarez.com.mx\/larevista\/wp-json\/wp\/v2\/posts\/57833\/revisions"}],"wp:attachment":[{"href":"https:\/\/dralvarez.com.mx\/larevista\/wp-json\/wp\/v2\/media?parent=57833"}],"wp:term":[{"taxonomy":"category","embeddable":true,"href":"https:\/\/dralvarez.com.mx\/larevista\/wp-json\/wp\/v2\/categories?post=57833"},{"taxonomy":"post_tag","embeddable":true,"href":"https:\/\/dralvarez.com.mx\/larevista\/wp-json\/wp\/v2\/tags?post=57833"}],"curies":[{"name":"wp","href":"https:\/\/api.w.org\/{rel}","templated":true}]}}