{"id":57830,"date":"2017-09-18T00:00:00","date_gmt":"2017-09-18T06:00:00","guid":{"rendered":"https:\/\/dralvarez.com.mx\/larevista\/blog\/ayuda-humanitaria-de-yucatan-llega-a-oaxaca-17404"},"modified":"2017-09-18T00:00:00","modified_gmt":"2017-09-18T06:00:00","slug":"ayuda-humanitaria-de-yucatan-llega-a-oaxaca-17404","status":"publish","type":"post","link":"https:\/\/dralvarez.com.mx\/larevista\/yucatan\/ayuda-humanitaria-de-yucatan-llega-a-oaxaca-17404","title":{"rendered":"Ayuda humanitaria de Yucat\u00e1n llega a Oaxaca"},"content":{"rendered":"<\/p>\n<p>Lleg\u00f3 a Oaxaca el cami\u00f3n cargado con 30 toneladas de v\u00edveres, art\u00edculos de higiene, medicamentos y ropa que la sociedad yucateca envi\u00f3 para apoyar a quienes resultaron afectados por el sismo que se registr\u00f3 hace una semana en el sur del pa\u00eds.<\/p>\n<p>El jefe del Departamento de Inform\u00e1tica del Sistema para el Desarrollo Integral de la Familia (DIF) Estatal, Joel Alonzo Cort\u00e9s, entreg\u00f3 la carga a la presidenta del DIF Oaxaca, Ivette Mor\u00e1n de Murat. Ella agradeci\u00f3 esta muestra de solidaridad de los locales, as\u00ed como al Gobernador Rolando Zapata Bello y a su hom\u00f3loga de Yucat\u00e1n, Sarita Blancarte de Zapata, por este esfuerzo humanitario. &#8220;Estamos felices de recibir este contenedor, repartiremos estos bienes en las manos de los m\u00e1s necesitados&#8221;, asegur\u00f3 la funcionaria mientras colabor\u00f3 con la descarga de productos.<\/p>\n<p><\/p>\n","protected":false},"excerpt":{"rendered":"<p>Recibe la presidenta del DIF de Oaxaca las 30 toneladas de v\u00edveres.<\/p>\n","protected":false},"author":1018,"featured_media":0,"comment_status":"open","ping_status":"open","sticky":false,"template":"","format":"standard","meta":{"tdm_status":"","tdm_grid_status":"","footnotes":""},"categories":[21],"tags":[],"_links":{"self":[{"href":"https:\/\/dralvarez.com.mx\/larevista\/wp-json\/wp\/v2\/posts\/57830"}],"collection":[{"href":"https:\/\/dralvarez.com.mx\/larevista\/wp-json\/wp\/v2\/posts"}],"about":[{"href":"https:\/\/dralvarez.com.mx\/larevista\/wp-json\/wp\/v2\/types\/post"}],"author":[{"embeddable":true,"href":"https:\/\/dralvarez.com.mx\/larevista\/wp-json\/wp\/v2\/users\/1018"}],"replies":[{"embeddable":true,"href":"https:\/\/dralvarez.com.mx\/larevista\/wp-json\/wp\/v2\/comments?post=57830"}],"version-history":[{"count":0,"href":"https:\/\/dralvarez.com.mx\/larevista\/wp-json\/wp\/v2\/posts\/57830\/revisions"}],"wp:attachment":[{"href":"https:\/\/dralvarez.com.mx\/larevista\/wp-json\/wp\/v2\/media?parent=57830"}],"wp:term":[{"taxonomy":"category","embeddable":true,"href":"https:\/\/dralvarez.com.mx\/larevista\/wp-json\/wp\/v2\/categories?post=57830"},{"taxonomy":"post_tag","embeddable":true,"href":"https:\/\/dralvarez.com.mx\/larevista\/wp-json\/wp\/v2\/tags?post=57830"}],"curies":[{"name":"wp","href":"https:\/\/api.w.org\/{rel}","templated":true}]}}