{"id":57827,"date":"2017-09-18T00:00:00","date_gmt":"2017-09-18T06:00:00","guid":{"rendered":"https:\/\/dralvarez.com.mx\/larevista\/blog\/onda-tropical-y-baja-presion-favorecerian-lluvias-por-las-tardes-sin-descartar-la-presencia-de-temperaturas-muy-calurosas-17401"},"modified":"2017-09-18T00:00:00","modified_gmt":"2017-09-18T06:00:00","slug":"onda-tropical-y-baja-presion-favorecerian-lluvias-por-las-tardes-sin-descartar-la-presencia-de-temperaturas-muy-calurosas-17401","status":"publish","type":"post","link":"https:\/\/dralvarez.com.mx\/larevista\/yucatan\/onda-tropical-y-baja-presion-favorecerian-lluvias-por-las-tardes-sin-descartar-la-presencia-de-temperaturas-muy-calurosas-17401","title":{"rendered":"Onda Tropical y baja presi\u00f3n favorecer\u00edan lluvias por las tardes, sin descartar la presencia de temperaturas muy calurosas"},"content":{"rendered":"<\/p>\n<p>Para los pr\u00f3ximos d\u00edas se prev\u00e9n temperaturas muy calurosas para los tres estados de la Pen\u00ednsula de Yucat\u00e1n, sin que se descarten precipitaciones por las tardes por la presencia de nueva onda tropical y establecimiento de un sistema de baja presi\u00f3n, informa la Comisi\u00f3n Nacional del Agua (Conagua), a trav\u00e9s del Centro Hidrometeorol\u00f3gico Regional de M\u00e9rida (CHRM) del Servicio Meteorol\u00f3gico Nacional (SMN).<\/p>\n<\/p>\n<p>De acuerdo con los pron\u00f3sticos, se estiman valores m\u00e1ximos de 33.0 a 37.0 grados celsius del lunes al mi\u00e9rcoles, con m\u00ednimas que oscilar\u00edan entre los 21.0 y 25.0 grados.<\/p>\n<\/p>\n<p>Para este lunes, debido al ingreso de humedad ocasionada por el paso de la Onda Tropical 34 sobre la regi\u00f3n, se anticipan de chubascos a tormentas fuertes en las porciones centro y sur de Campeche; norte y centro de Quintana Roo; y, oriente, centro y sur de Yucat\u00e1n. No se descarta la presencia de actividad el\u00e9ctrica y rachas de viento fuerte en zonas de tormenta.<\/p>\n<\/p>\n<p>El martes, un sistema de baja presi\u00f3n al sur de la Pen\u00ednsula de Yucat\u00e1n generar\u00eda chubascos en las zonas sur de Quintana Roo; sur de Campeche; y, centro y sur de Yucat\u00e1n.<\/p>\n<\/p>\n<p>En tanto, para el mi\u00e9rcoles, una vaguada profunda en el occidente de la regi\u00f3n favorecer\u00eda lluvias fuertes en diversas zona de la Pen\u00ednsula de Yucat\u00e1n.<\/p>\n<\/p>\n<p>Los vientos ser\u00edan de componente este-sureste de 15 a 25 kil\u00f3metros por hora (km\/h) con rachas de hasta 45 km\/h por la tarde, especialmente en la zona costera de los tres estados de la Pen\u00ednsula de Yucat\u00e1n.<\/p>\n<\/p>\n<p>Por otra parte, el SMN mantiene bajo monitoreo los sistema tropicales Lee y Mar\u00eda, los cuales se encuentran en el Oc\u00e9ano Atl\u00e1ntico y no representan, por el momento, riesgo para el pa\u00eds.<\/p>\n<p><\/p>\n","protected":false},"excerpt":{"rendered":"<p>De acuerdo con los pron\u00f3sticos, se estiman valores m\u00e1ximos de 33.0 a 37.0 grados celsius del lunes al mi\u00e9rcoles, con m\u00ednimas que oscilar\u00edan entre los<\/p>\n","protected":false},"author":1018,"featured_media":0,"comment_status":"open","ping_status":"open","sticky":false,"template":"","format":"standard","meta":{"tdm_status":"","tdm_grid_status":"","footnotes":""},"categories":[21],"tags":[],"_links":{"self":[{"href":"https:\/\/dralvarez.com.mx\/larevista\/wp-json\/wp\/v2\/posts\/57827"}],"collection":[{"href":"https:\/\/dralvarez.com.mx\/larevista\/wp-json\/wp\/v2\/posts"}],"about":[{"href":"https:\/\/dralvarez.com.mx\/larevista\/wp-json\/wp\/v2\/types\/post"}],"author":[{"embeddable":true,"href":"https:\/\/dralvarez.com.mx\/larevista\/wp-json\/wp\/v2\/users\/1018"}],"replies":[{"embeddable":true,"href":"https:\/\/dralvarez.com.mx\/larevista\/wp-json\/wp\/v2\/comments?post=57827"}],"version-history":[{"count":0,"href":"https:\/\/dralvarez.com.mx\/larevista\/wp-json\/wp\/v2\/posts\/57827\/revisions"}],"wp:attachment":[{"href":"https:\/\/dralvarez.com.mx\/larevista\/wp-json\/wp\/v2\/media?parent=57827"}],"wp:term":[{"taxonomy":"category","embeddable":true,"href":"https:\/\/dralvarez.com.mx\/larevista\/wp-json\/wp\/v2\/categories?post=57827"},{"taxonomy":"post_tag","embeddable":true,"href":"https:\/\/dralvarez.com.mx\/larevista\/wp-json\/wp\/v2\/tags?post=57827"}],"curies":[{"name":"wp","href":"https:\/\/api.w.org\/{rel}","templated":true}]}}