{"id":57823,"date":"2017-09-18T00:00:00","date_gmt":"2017-09-18T06:00:00","guid":{"rendered":"https:\/\/dralvarez.com.mx\/larevista\/blog\/empresa-familiar-comprometida-con-yucatan-17397"},"modified":"2017-09-18T00:00:00","modified_gmt":"2017-09-18T06:00:00","slug":"empresa-familiar-comprometida-con-yucatan-17397","status":"publish","type":"post","link":"https:\/\/dralvarez.com.mx\/larevista\/yucatan\/empresa-familiar-comprometida-con-yucatan-17397","title":{"rendered":"Empresa familiar, comprometida con Yucat\u00e1n"},"content":{"rendered":"<\/p>\n<p>Con 30 a\u00f1os de experiencia y una pasi\u00f3n heredada por el trabajo artesanal, Damira Escobedo Alatorre ha consolidado su empresa de producci\u00f3n y comercializaci\u00f3n de hamacas en el municipio de Tixkokob, de donde es oriunda.<\/p>\n<p>Hamacas La Pir\u00e1mide genera empleo para alrededor de 400 personas de distintas poblaciones del estado, seg\u00fan comparti\u00f3 al titular de la Secretar\u00eda de Fomento Econ\u00f3mico (Sefoe), Ernesto Herrera Novelo, quien visit\u00f3 su taller.<\/p>\n<p>&#8220;Le damos trabajo a gente de la comunidad que se dedica al urdido, alrededor de 150 personas en Tixkokob y sus comisar\u00edas, as\u00ed como a 300 en Valladolid. Se involucra a mucha gente porque, como toda artesan\u00eda, es un trabajo cansado y se le dedican horas despu\u00e9s de las labores del hogar&#8221;, se\u00f1al\u00f3.<\/p>\n<p>En ese espacio, se realiza tambi\u00e9n el embrazado y el armado, adem\u00e1s de que se revisan detalles como control de calidad. Cada semana se visita a los colaboradores y se recolecta un estimado de 200 hamacas, que posteriormente se distribuyen para su comercializaci\u00f3n.<\/p>\n<p>&#8220;Este es un negocio familiar que se remonta a la \u00e9poca de mis abuelos. Mi abuelo paterno empez\u00f3 vendiendo la hamaca de henequ\u00e9n y fuimos viendo su transformaci\u00f3n con el uso de otros hilos. Mi pap\u00e1 sigui\u00f3 la tradici\u00f3n y dio empleo a m\u00e1s gente&#8221;, relat\u00f3.<\/p>\n<p>Damira y dos de sus hermanos decidieron continuar en esta actividad, pero cada uno desarroll\u00f3 su marca. La entrevistada asegura que este trabajo la llena de satisfacci\u00f3n y orgullo, pues la mantiene cerca de sus ra\u00edces y le permite ayudar a la poblaci\u00f3n m\u00e1s vulnerable.<\/p>\n<p>&#8220;Eso te sensibiliza para seguir adelante, el beneficio no es personal sino com\u00fan, porque cuando comercializamos una hamaca estamos beneficiando todo un proceso. Entonces, nos llena de satisfacci\u00f3n porque estamos colaborando con nuestra gente yucateca&#8221;, expres\u00f3.<\/p>\n<p>En busca de nuevos mercados<\/p>\n<p>Despu\u00e9s de 30 a\u00f1os, ha encontrado en las redes sociales un medio de comunicaci\u00f3n que la acerca al objetivo de incrementar los ingresos de su empresa, al tener la oportunidad de establecer contacto con nuevos mercados en el extranjero.<\/p>\n<p>Asimismo, subray\u00f3 su presencia en expos como una importante ventana de ventas y promoci\u00f3n, como fue el caso de su participaci\u00f3n en la pasada edici\u00f3n de la Semana de Yucat\u00e1n en M\u00e9xico, a la cual acudieron con 500 hamacas y regresaron con unas cuantas.<\/p>\n<p>&#8220;La realizaci\u00f3n de ese tipo de eventos permite que los artesanos tengamos fluidez econ\u00f3mica para seguir trabajando, ya que la gente de fuera valora mucho lo que hacemos y nos espera&#8221;, apunt\u00f3.<\/p>\n<p>Con el paso del tiempo, ha incrementado su cat\u00e1logo de productos, pues adem\u00e1s de la hamaca tradicional, de distintas medidas y colores, hacen otras con elementos de madera, tales como columpios, tipo catre y mecedoras.<\/p>\n<p>&#8220;Nos diversificamos para poder llegar a todos los clientes, hemos ido innovando y aprendiendo de las preferencias en los diferentes lugares que hemos visitado, como la Feria del Mar que se realiza cada a\u00f1o en San Diego&#8221;.<\/p>\n<p>La empresaria revel\u00f3 que adem\u00e1s del mercado local, cuentan con algunos clientes en otros rincones de la Rep\u00fablica y en el extranjero, a trav\u00e9s de los cuales sus artesan\u00edas llegan a pa\u00edses como Canad\u00e1, Francia y Jap\u00f3n.<\/p>\n<p>En a\u00f1os anteriores, Hamacas La Pir\u00e1mide obtuvo apoyos financieros por parte del Gobierno del Estado. Al respecto, su propietaria dijo que &#8220;eso impulsa a las peque\u00f1as empresas y nos compromete a mejorar y a seguir trabajando&#8221;.<\/p>\n<p>&#8220;Somos una cara peque\u00f1a, pero con muchas manos detr\u00e1s. Por eso, es muy importante el apoyo que nos brinda el Gobierno por medio de cr\u00e9ditos, capacitaci\u00f3n o comercializaci\u00f3n&#8221;, concluy\u00f3.<\/p>\n<p><\/p>\n","protected":false},"excerpt":{"rendered":"<p>Cada semana se visita a los colaboradores y se recolecta un estimado de 200 hamacas, que posteriormente se distribuyen para su comercializaci\u00f3n.<\/p>\n","protected":false},"author":1018,"featured_media":0,"comment_status":"open","ping_status":"open","sticky":false,"template":"","format":"standard","meta":{"tdm_status":"","tdm_grid_status":"","footnotes":""},"categories":[21],"tags":[],"_links":{"self":[{"href":"https:\/\/dralvarez.com.mx\/larevista\/wp-json\/wp\/v2\/posts\/57823"}],"collection":[{"href":"https:\/\/dralvarez.com.mx\/larevista\/wp-json\/wp\/v2\/posts"}],"about":[{"href":"https:\/\/dralvarez.com.mx\/larevista\/wp-json\/wp\/v2\/types\/post"}],"author":[{"embeddable":true,"href":"https:\/\/dralvarez.com.mx\/larevista\/wp-json\/wp\/v2\/users\/1018"}],"replies":[{"embeddable":true,"href":"https:\/\/dralvarez.com.mx\/larevista\/wp-json\/wp\/v2\/comments?post=57823"}],"version-history":[{"count":0,"href":"https:\/\/dralvarez.com.mx\/larevista\/wp-json\/wp\/v2\/posts\/57823\/revisions"}],"wp:attachment":[{"href":"https:\/\/dralvarez.com.mx\/larevista\/wp-json\/wp\/v2\/media?parent=57823"}],"wp:term":[{"taxonomy":"category","embeddable":true,"href":"https:\/\/dralvarez.com.mx\/larevista\/wp-json\/wp\/v2\/categories?post=57823"},{"taxonomy":"post_tag","embeddable":true,"href":"https:\/\/dralvarez.com.mx\/larevista\/wp-json\/wp\/v2\/tags?post=57823"}],"curies":[{"name":"wp","href":"https:\/\/api.w.org\/{rel}","templated":true}]}}