{"id":57819,"date":"2017-09-18T00:00:00","date_gmt":"2017-09-18T06:00:00","guid":{"rendered":"https:\/\/dralvarez.com.mx\/larevista\/blog\/impulsa-sejuve-el-desarrollo-de-asociaciones-civiles-17393"},"modified":"2017-09-18T00:00:00","modified_gmt":"2017-09-18T06:00:00","slug":"impulsa-sejuve-el-desarrollo-de-asociaciones-civiles-17393","status":"publish","type":"post","link":"https:\/\/dralvarez.com.mx\/larevista\/yucatan\/impulsa-sejuve-el-desarrollo-de-asociaciones-civiles-17393","title":{"rendered":"Impulsa SEJUVE el desarrollo de asociaciones civiles"},"content":{"rendered":"<\/p>\n<p>Como un impulso para quienes tienen el objetivo de constituir formalmente una asociaci\u00f3n civil, se abren las inscripciones para participar en el taller \u201cJoven A.C.\u201d, inform\u00f3 el titular de la Secretar\u00eda de la Juventud (Sejuve), Luis Borjas Romero, en su visita a las instalaciones de Aprendamos Juntos.<\/p>\n<p>El funcionario detall\u00f3 que esta capacitaci\u00f3n ser\u00e1 gratuita y en ella se abordar\u00e1n temas como la relevancia del plan de acci\u00f3n y evaluaci\u00f3n, as\u00ed como del presupuesto para su implementaci\u00f3n, adem\u00e1s de marketing social y procuraci\u00f3n de fondos para el desarrollo de la organizaci\u00f3n.<\/p>\n<p>Se llevar\u00e1 a cabo del 29 de septiembre al 1 de octubre, de 9:00 a 18:00 horas en la Universidad Tecnol\u00f3gica Metropolitana, y es impulsado por el Gobierno del Estado a trav\u00e9s de la Sejuve, en colaboraci\u00f3n con el Instituto Mexicano de la Juventud (Imjuve).<\/p>\n<p>Quienes deseen participar, pueden solicitar informes al tel\u00e9fono 923 62 14 extensi\u00f3n 219 o acudir directamente a la sede de la dependencia, ubicada en calle 64 entre 53 y 55 del Centro Hist\u00f3rico de esta ciudad.<\/p>\n<p>Una causa, la motivaci\u00f3n, la responsabilidad con la comunidad, las ganas de aportar y contribuir, pueden ser premisas para constituir una asociaci\u00f3n civil; objetivos, necesidades y agrupaciones son diversas, s\u00f3lo se necesita compromiso, expres\u00f3 Borjas Romero.<\/p>\n<p>Finalmente, destac\u00f3 que Aprendamos Juntos es una muestra de esa conjunci\u00f3n en beneficio de la sociedad, pues contin\u00faa apoyando a personas con discapacidad intelectual tras 18 a\u00f1os de trabajo. Con su programa integral de capacitaci\u00f3n, ha promovido la inserci\u00f3n laboral de este sector, y se ha convertido en pieza clave para su superaci\u00f3n y el desarrollo de sus habilidades.<\/p>\n<p><\/p>\n","protected":false},"excerpt":{"rendered":"<p>Se impartir\u00e1 el taller \u201cJoven A.C.\u201d para respaldar proyectos de impacto social.<\/p>\n","protected":false},"author":1018,"featured_media":0,"comment_status":"open","ping_status":"open","sticky":false,"template":"","format":"standard","meta":{"tdm_status":"","tdm_grid_status":"","footnotes":""},"categories":[21],"tags":[],"_links":{"self":[{"href":"https:\/\/dralvarez.com.mx\/larevista\/wp-json\/wp\/v2\/posts\/57819"}],"collection":[{"href":"https:\/\/dralvarez.com.mx\/larevista\/wp-json\/wp\/v2\/posts"}],"about":[{"href":"https:\/\/dralvarez.com.mx\/larevista\/wp-json\/wp\/v2\/types\/post"}],"author":[{"embeddable":true,"href":"https:\/\/dralvarez.com.mx\/larevista\/wp-json\/wp\/v2\/users\/1018"}],"replies":[{"embeddable":true,"href":"https:\/\/dralvarez.com.mx\/larevista\/wp-json\/wp\/v2\/comments?post=57819"}],"version-history":[{"count":0,"href":"https:\/\/dralvarez.com.mx\/larevista\/wp-json\/wp\/v2\/posts\/57819\/revisions"}],"wp:attachment":[{"href":"https:\/\/dralvarez.com.mx\/larevista\/wp-json\/wp\/v2\/media?parent=57819"}],"wp:term":[{"taxonomy":"category","embeddable":true,"href":"https:\/\/dralvarez.com.mx\/larevista\/wp-json\/wp\/v2\/categories?post=57819"},{"taxonomy":"post_tag","embeddable":true,"href":"https:\/\/dralvarez.com.mx\/larevista\/wp-json\/wp\/v2\/tags?post=57819"}],"curies":[{"name":"wp","href":"https:\/\/api.w.org\/{rel}","templated":true}]}}