{"id":57817,"date":"2017-09-18T00:00:00","date_gmt":"2017-09-18T06:00:00","guid":{"rendered":"https:\/\/dralvarez.com.mx\/larevista\/blog\/la-mira-de-yucatan-esta-puesta-en-el-crecimiento-17391"},"modified":"2017-09-18T00:00:00","modified_gmt":"2017-09-18T06:00:00","slug":"la-mira-de-yucatan-esta-puesta-en-el-crecimiento-17391","status":"publish","type":"post","link":"https:\/\/dralvarez.com.mx\/larevista\/yucatan\/la-mira-de-yucatan-esta-puesta-en-el-crecimiento-17391","title":{"rendered":"La mira de Yucat\u00e1n est\u00e1 puesta en el crecimiento"},"content":{"rendered":"<\/p>\n<p>Despu\u00e9s de 33 a\u00f1os, el mercado municipal de R\u00edo Lagartos ser\u00e1 rehabilitado y los habitantes observan el avance de los trabajos para convertirlo en un espacio digno para quienes ah\u00ed venden sus productos y los que acuden a comprarlos.<\/p>\n<\/p>\n<p>El titular de la Secretar\u00eda de Desarrollo Social (Sedesol), Mauricio Sahu\u00ed Rivero supervis\u00f3 la obra en la que se invierten 972 mil pesos provenientes de recursos del Ramo 23. El periodo de los trabajos concluye el 30 de octubre.<\/p>\n<\/p>\n<p>Ante los ciudadanos del puerto ubicado al oriente de la entidad, el funcionario estatal indic\u00f3 que las acciones de la pol\u00edtica social que se emprenden ser\u00e1n m\u00e1s eficaces si se trabaja en equipo, con el acompa\u00f1amiento de la sociedad.<\/p>\n<\/p>\n<p>\u201cLo reitero, Yucat\u00e1n no est\u00e1 para ocurrencias, no podemos darnos el lujo de abandonar la ruta del bienestar que las yucatecas y yucatecos nos hemos trazado y hoy nos ubica como una entidad que aspira a abatir rezagos y mejorar su econom\u00eda\u201d expres\u00f3.<\/p>\n<\/p>\n<p>En gira de trabajo, destac\u00f3 que es grato observar c\u00f3mo estas obras llegan a mejorar el entorno de las familias, para que cuenten con infraestructura municipal acorde con sus necesidades.<\/p>\n<\/p>\n<p>&#8220;La mira de Yucat\u00e1n est\u00e1 puesta en el crecimiento de las oportunidades, de mejores espacios de infraestructura en cada uno de los 106 municipios, en autoridades que den resultados medibles y en una sociedad activa&#8221;, apunt\u00f3.<\/p>\n<\/p>\n<p>Sahu\u00ed Rivero se\u00f1al\u00f3 que con este esfuerzo de gesti\u00f3n en un mes tambi\u00e9n iniciar\u00e1 en el municipio la techumbre de la cancha de b\u00e1squetbol, as\u00ed como la rehabilitaci\u00f3n de la casa de la cultura y la biblioteca.<\/p>\n<\/p>\n<p>&#8220;Cuando trabajamos en forma conjunta vemos la transformaci\u00f3n para bien de todos los municipios en nuestro Estado. Yucat\u00e1n est\u00e1 avanzando y sobre esa ruta debemos seguir para la consolidaci\u00f3n de su desarrollo&#8221;, subray\u00f3.<\/p>\n<\/p>\n<p>El alcalde de R\u00edo Lagartos, Juan Mart\u00edn Contreras Celis se\u00f1al\u00f3 que seguir\u00e1n trabajando de la mano con las autoridades estatales y federales por el bienestar de m\u00e1s familias.<\/p>\n<p><\/p>\n","protected":false},"excerpt":{"rendered":"<p>Un mercado tendr\u00e1 un nuevo rostro despu\u00e9s de 33 a\u00f1os.<\/p>\n","protected":false},"author":1018,"featured_media":0,"comment_status":"open","ping_status":"open","sticky":false,"template":"","format":"standard","meta":{"tdm_status":"","tdm_grid_status":"","footnotes":""},"categories":[21],"tags":[],"_links":{"self":[{"href":"https:\/\/dralvarez.com.mx\/larevista\/wp-json\/wp\/v2\/posts\/57817"}],"collection":[{"href":"https:\/\/dralvarez.com.mx\/larevista\/wp-json\/wp\/v2\/posts"}],"about":[{"href":"https:\/\/dralvarez.com.mx\/larevista\/wp-json\/wp\/v2\/types\/post"}],"author":[{"embeddable":true,"href":"https:\/\/dralvarez.com.mx\/larevista\/wp-json\/wp\/v2\/users\/1018"}],"replies":[{"embeddable":true,"href":"https:\/\/dralvarez.com.mx\/larevista\/wp-json\/wp\/v2\/comments?post=57817"}],"version-history":[{"count":0,"href":"https:\/\/dralvarez.com.mx\/larevista\/wp-json\/wp\/v2\/posts\/57817\/revisions"}],"wp:attachment":[{"href":"https:\/\/dralvarez.com.mx\/larevista\/wp-json\/wp\/v2\/media?parent=57817"}],"wp:term":[{"taxonomy":"category","embeddable":true,"href":"https:\/\/dralvarez.com.mx\/larevista\/wp-json\/wp\/v2\/categories?post=57817"},{"taxonomy":"post_tag","embeddable":true,"href":"https:\/\/dralvarez.com.mx\/larevista\/wp-json\/wp\/v2\/tags?post=57817"}],"curies":[{"name":"wp","href":"https:\/\/api.w.org\/{rel}","templated":true}]}}