{"id":57816,"date":"2017-09-18T00:00:00","date_gmt":"2017-09-18T06:00:00","guid":{"rendered":"https:\/\/dralvarez.com.mx\/larevista\/blog\/conjuntan-esfuerzos-pablo-gamboa-vecinos-y-gobierno-del-estado-para-reforestar-17390"},"modified":"2017-09-18T00:00:00","modified_gmt":"2017-09-18T06:00:00","slug":"conjuntan-esfuerzos-pablo-gamboa-vecinos-y-gobierno-del-estado-para-reforestar-17390","status":"publish","type":"post","link":"https:\/\/dralvarez.com.mx\/larevista\/yucatan\/conjuntan-esfuerzos-pablo-gamboa-vecinos-y-gobierno-del-estado-para-reforestar-17390","title":{"rendered":"Conjuntan esfuerzos Pablo Gamboa, vecinos y Gobierno del Estado para reforestar"},"content":{"rendered":"<\/p>\n<p>M\u00e1s all\u00e1 de Francisco de Montejo, al poniente de la ciudad, Paseo de Henequenes se extiende para transformar positivamente la cotidianidad y din\u00e1mica vecinal. Por ello, esta ma\u00f1ana en el tramo del fraccionamiento Amapolita, Pablo Gamboa Miner junto a decenas de ciudadanos sembr\u00f3 m\u00e1s 200 \u00e1rboles para reverdecer el espacio p\u00fablico.<\/p>\n<p>Conjuntando esfuerzos, el Legislador yucateco, los colonos, el Gobierno del Estado a trav\u00e9s de la COMEY y la SEDUMA, as\u00ed como la delegaci\u00f3n de Semarnat y la asociaci\u00f3n civil Kanan\u2019Kab; se dieron a la tarea de plantar para que el Segundo Parque Lineal Metropolitano sea tambi\u00e9n esa \u00e1rea en la que las familias convivan en un ambiente saludable.<\/p>\n<p>Especies nativas de la regi\u00f3n, como la flor de mayo, macul\u00eds y campanitas, desde este d\u00eda comenzar\u00e1n a crecer en m\u00e1s de 200 metros del espacio p\u00fablico de cinco kil\u00f3metros de extensi\u00f3n. En beneficio de las familias y hogares de Amapolita, de todo el norponiente de M\u00e9rida.<\/p>\n<p>Pablo Gamboa Miner expres\u00f3 qu\u00e9 junto con la primera etapa de construcci\u00f3n del Paseo de Henequenes, es fundamental reforestar. \u201cUn compromiso que implica no s\u00f3lo la siembra sino tambi\u00e9n el cuidado y mantenimiento de estos \u00e1rboles, una actividad que se disfruta m\u00e1s, si se desarrolla en familia o acompa\u00f1ado de los vecinos\u201d.<\/p>\n<p>Con la presencia de Carlos Berl\u00edn Montero, delegado de Semarnat, y del titular de Seduma, Eduardo Batllori Sampedro; el Legislador yucateco recalc\u00f3 que transformar espacios es una labor compartida con los ciudadanos, pues ellos quienes promueven una conciencia ambiental entre la comunidad.<\/p>\n<p>\u201cPaseo de Henequenes es un parque ambiental, sus andadores, los espacios creados por los vecinos y ahora estas plantas lo convierten en punto de encuentro. Apenas vamos en su primera etapa y el cambio es m\u00e1s que evidente\u201d, finaliz\u00f3 Gamboa Miner.<\/p>\n<p><\/p>\n","protected":false},"excerpt":{"rendered":"<p>Paseo de Henequenes se extiende para beneficio de m\u00e1s familias del norponiente.<\/p>\n<p>\u201cCuidar el medio ambiente es responsabilidad de todos\u201d, Pablo Gambo<\/p>\n","protected":false},"author":1018,"featured_media":0,"comment_status":"open","ping_status":"open","sticky":false,"template":"","format":"standard","meta":{"tdm_status":"","tdm_grid_status":"","footnotes":""},"categories":[21],"tags":[],"_links":{"self":[{"href":"https:\/\/dralvarez.com.mx\/larevista\/wp-json\/wp\/v2\/posts\/57816"}],"collection":[{"href":"https:\/\/dralvarez.com.mx\/larevista\/wp-json\/wp\/v2\/posts"}],"about":[{"href":"https:\/\/dralvarez.com.mx\/larevista\/wp-json\/wp\/v2\/types\/post"}],"author":[{"embeddable":true,"href":"https:\/\/dralvarez.com.mx\/larevista\/wp-json\/wp\/v2\/users\/1018"}],"replies":[{"embeddable":true,"href":"https:\/\/dralvarez.com.mx\/larevista\/wp-json\/wp\/v2\/comments?post=57816"}],"version-history":[{"count":0,"href":"https:\/\/dralvarez.com.mx\/larevista\/wp-json\/wp\/v2\/posts\/57816\/revisions"}],"wp:attachment":[{"href":"https:\/\/dralvarez.com.mx\/larevista\/wp-json\/wp\/v2\/media?parent=57816"}],"wp:term":[{"taxonomy":"category","embeddable":true,"href":"https:\/\/dralvarez.com.mx\/larevista\/wp-json\/wp\/v2\/categories?post=57816"},{"taxonomy":"post_tag","embeddable":true,"href":"https:\/\/dralvarez.com.mx\/larevista\/wp-json\/wp\/v2\/tags?post=57816"}],"curies":[{"name":"wp","href":"https:\/\/api.w.org\/{rel}","templated":true}]}}