{"id":57813,"date":"2017-09-18T00:00:00","date_gmt":"2017-09-18T06:00:00","guid":{"rendered":"https:\/\/dralvarez.com.mx\/larevista\/blog\/liborio-vidal-premia-los-coloresdemexico-17387"},"modified":"2017-09-18T00:00:00","modified_gmt":"2017-09-18T06:00:00","slug":"liborio-vidal-premia-los-coloresdemexico-17387","status":"publish","type":"post","link":"https:\/\/dralvarez.com.mx\/larevista\/yucatan\/liborio-vidal-premia-los-coloresdemexico-17387","title":{"rendered":"Liborio Vidal premia los #ColoresDeM\u00e9xico"},"content":{"rendered":"<\/p>\n<p>El fervor patrio que se siente durante septiembre inspira sentimientos de orgullo de ser mexicanos, para fomentar las expresiones de amor por M\u00e9xico, Liborio Vidal Aguilar invit\u00f3, a trav\u00e9s de sus redes sociales, a participar en un concurso de fotograf\u00eda.<\/p>\n<\/p>\n<p>#ColoresDeM\u00e9xico tuvo m\u00e1s de 400 participantes quienes enviaron de 1 a 3 fotos en las que reflejaban una parte de lo que les hace sentir orgulloso de ser mexicano, con el resultado de una gran variedad de paisajes, retratos y fotograf\u00edas espont\u00e1neas.<\/p>\n<\/p>\n<p>\u201cMe siento muy orgulloso de pertenecer a esta gran naci\u00f3n y estas son las fechas en las que demostramos nuestro amor por M\u00e9xico. Ser mexicano es lo que nos une en nuestras grandes diferencias, es el hecho de tener una historia com\u00fan vista a trav\u00e9s de los ojos de cada uno de nosotros\u201d, expres\u00f3 Liborio Vidal.<\/p>\n<\/p>\n<p>La convocatoria se mantuvo desde el 11 de septiembre y hasta ayer a las 14:00 horas, momento en el que un jurado especializado inici\u00f3 el an\u00e1lisis de cada una de las im\u00e1genes recibidas evaluando composici\u00f3n, manejo del tema, expresi\u00f3n, colores, luz, etc.<\/p>\n<\/p>\n<p>El primer lugar fue para Andr\u00e9 Aranda Balderas, quien present\u00f3 la imagen de un hombre con su guitarra, en el fondo se aprecia el palacio municipal de M\u00e9rida y la bandera de M\u00e9xico ondeando. \u201cM\u00e1s que orgulloso de mi mismo, lo estoy de todos los Mexicanos, que aunque muy criticados, somos gente \u00fanica, optimista, con devoci\u00f3n, sacrificio y un gran amor hacia nuestro pa\u00eds. #M\u00e9xicoEsSuGente\u201d, escribi\u00f3 Aranda Balderas en la descripci\u00f3n de su fotograf\u00eda.<\/p>\n<\/p>\n<p>El segundo lugar fue para el retrato posteado por Carlos Esteban Medina S\u00e1nchez, y los tres terceros lugares fueron para las im\u00e1genes presentadas por Edwin Pi\u00f1a, David Rej\u00f3n Gonz\u00e1lez y Claudia Coral.<\/p>\n<p>\u201cVi muchas im\u00e1genes muy hermosas, y me dio gusto que hubo muchas en las que se retrata lo mejor de nuestro pa\u00eds: las familias que aqu\u00ed viven y luchan por construir un M\u00e9xico m\u00e1s grande\u201d, manifest\u00f3 el #AmigoLibo.<\/p>\n<p><\/p>\n","protected":false},"excerpt":{"rendered":"<p>Concurso de fotograf\u00eda a trav\u00e9s de las redes sociales.<\/p>\n","protected":false},"author":1018,"featured_media":0,"comment_status":"open","ping_status":"open","sticky":false,"template":"","format":"standard","meta":{"tdm_status":"","tdm_grid_status":"","footnotes":""},"categories":[21],"tags":[],"_links":{"self":[{"href":"https:\/\/dralvarez.com.mx\/larevista\/wp-json\/wp\/v2\/posts\/57813"}],"collection":[{"href":"https:\/\/dralvarez.com.mx\/larevista\/wp-json\/wp\/v2\/posts"}],"about":[{"href":"https:\/\/dralvarez.com.mx\/larevista\/wp-json\/wp\/v2\/types\/post"}],"author":[{"embeddable":true,"href":"https:\/\/dralvarez.com.mx\/larevista\/wp-json\/wp\/v2\/users\/1018"}],"replies":[{"embeddable":true,"href":"https:\/\/dralvarez.com.mx\/larevista\/wp-json\/wp\/v2\/comments?post=57813"}],"version-history":[{"count":0,"href":"https:\/\/dralvarez.com.mx\/larevista\/wp-json\/wp\/v2\/posts\/57813\/revisions"}],"wp:attachment":[{"href":"https:\/\/dralvarez.com.mx\/larevista\/wp-json\/wp\/v2\/media?parent=57813"}],"wp:term":[{"taxonomy":"category","embeddable":true,"href":"https:\/\/dralvarez.com.mx\/larevista\/wp-json\/wp\/v2\/categories?post=57813"},{"taxonomy":"post_tag","embeddable":true,"href":"https:\/\/dralvarez.com.mx\/larevista\/wp-json\/wp\/v2\/tags?post=57813"}],"curies":[{"name":"wp","href":"https:\/\/api.w.org\/{rel}","templated":true}]}}