{"id":57812,"date":"2017-09-18T00:00:00","date_gmt":"2017-09-18T06:00:00","guid":{"rendered":"https:\/\/dralvarez.com.mx\/larevista\/blog\/acude-el-gobernador-a-toma-de-protesta-de-su-homologo-del-estado-de-mexico-17386"},"modified":"2017-09-18T00:00:00","modified_gmt":"2017-09-18T06:00:00","slug":"acude-el-gobernador-a-toma-de-protesta-de-su-homologo-del-estado-de-mexico-17386","status":"publish","type":"post","link":"https:\/\/dralvarez.com.mx\/larevista\/yucatan\/acude-el-gobernador-a-toma-de-protesta-de-su-homologo-del-estado-de-mexico-17386","title":{"rendered":"Acude el Gobernador a toma de protesta de su hom\u00f3logo del Estado de M\u00e9xico"},"content":{"rendered":"<\/p>\n<p>El titular del Poder Ejecutivo de Yucat\u00e1n, Rolando Zapata Bello, asisti\u00f3 a la ceremonia en la que rindi\u00f3 protesta Alfredo del Mazo Maza como Gobernador del Estado de M\u00e9xico para el per\u00edodo 2017-2023.<\/p>\n<p>Junto a sus 11 hom\u00f3logos de otras entidades del pa\u00eds, el mandatario yucateco escuch\u00f3 el mensaje que el reci\u00e9n investido dirigi\u00f3 al pueblo mexiquense, acto al que acudi\u00f3 el titular de la Secretar\u00eda de Gobernaci\u00f3n (Segob), Miguel \u00c1ngel Osorio Chong, a nombre del Presidente Enrique Pe\u00f1a Nieto.<\/p>\n<p><\/p>\n","protected":false},"excerpt":{"rendered":"<p>Junto a sus 11 hom\u00f3logos de otras entidades del pa\u00eds, el mandatario yucateco escuch\u00f3 el mensaje que el reci\u00e9n investido dirigi\u00f3 al pueblo mexiquense.<\/p>\n","protected":false},"author":1018,"featured_media":0,"comment_status":"open","ping_status":"open","sticky":false,"template":"","format":"standard","meta":{"tdm_status":"","tdm_grid_status":"","footnotes":""},"categories":[21],"tags":[],"_links":{"self":[{"href":"https:\/\/dralvarez.com.mx\/larevista\/wp-json\/wp\/v2\/posts\/57812"}],"collection":[{"href":"https:\/\/dralvarez.com.mx\/larevista\/wp-json\/wp\/v2\/posts"}],"about":[{"href":"https:\/\/dralvarez.com.mx\/larevista\/wp-json\/wp\/v2\/types\/post"}],"author":[{"embeddable":true,"href":"https:\/\/dralvarez.com.mx\/larevista\/wp-json\/wp\/v2\/users\/1018"}],"replies":[{"embeddable":true,"href":"https:\/\/dralvarez.com.mx\/larevista\/wp-json\/wp\/v2\/comments?post=57812"}],"version-history":[{"count":0,"href":"https:\/\/dralvarez.com.mx\/larevista\/wp-json\/wp\/v2\/posts\/57812\/revisions"}],"wp:attachment":[{"href":"https:\/\/dralvarez.com.mx\/larevista\/wp-json\/wp\/v2\/media?parent=57812"}],"wp:term":[{"taxonomy":"category","embeddable":true,"href":"https:\/\/dralvarez.com.mx\/larevista\/wp-json\/wp\/v2\/categories?post=57812"},{"taxonomy":"post_tag","embeddable":true,"href":"https:\/\/dralvarez.com.mx\/larevista\/wp-json\/wp\/v2\/tags?post=57812"}],"curies":[{"name":"wp","href":"https:\/\/api.w.org\/{rel}","templated":true}]}}