{"id":57762,"date":"2017-09-15T00:00:00","date_gmt":"2017-09-15T06:00:00","guid":{"rendered":"https:\/\/dralvarez.com.mx\/larevista\/blog\/las-escuelas-de-yucatan-cambian-de-giro-17334"},"modified":"2017-09-15T00:00:00","modified_gmt":"2017-09-15T06:00:00","slug":"las-escuelas-de-yucatan-cambian-de-giro-17334","status":"publish","type":"post","link":"https:\/\/dralvarez.com.mx\/larevista\/yucatan\/las-escuelas-de-yucatan-cambian-de-giro-17334","title":{"rendered":"Las escuelas de Yucat\u00e1n cambian de giro"},"content":{"rendered":"<p>M\u00e9rida, Yucat\u00e1n, 14 de septiembre de 2017.- Hoy en d\u00eda, donde funcionaba el Jard\u00edn de Ni\u00f1os &#8220;Federico Froebel&#8221; se re\u00fanen docentes para construir historias que luego llevan, a trav\u00e9s de obras de teatro, a los ni\u00f1os de distintas escuelas de M\u00e9rida y es tan s\u00f3lo un ejemplo de los diversos giros que se les da a los planteles tras ser dados de baja.<\/p>\n<p>Esta sede educativa forma parte de las 17 que han dejado de admitir matr\u00edcula estudiantil, pero que ahora son utilizadas para otras funciones.<\/p>\n<p>Los espacios del antes preescolar &#8220;Federico Froebel&#8221; son usados para elaborar los guiones en los que se tratan temas sobre valores, educaci\u00f3n ambiental, as\u00ed como los derechos y obligaciones de los infantes. Los maestros dedicados a esta labor cuentan con este lugar para realizar la escenograf\u00eda y los trajes que utilizan en cada presentaci\u00f3n.<\/p>\n<p>El secretario de Educaci\u00f3n de la entidad, V\u00edctor Caballero Dur\u00e1n, indic\u00f3 que las escuelas no son cerradas como tal, sino que solamente cambian de giro.<\/p>\n<p>&#8220;Lo que sucede en algunos planteles es que la matr\u00edcula baja, lo que hacemos entonces es ya no abrir grupos nuevos para dejar que los alumnos que est\u00e1n en la escuela puedan transitar hasta terminar. Hay varias escuelas que est\u00e1n en esas circunstancias y tenemos que tomar decisiones, pero sin afectar a los que actualmente est\u00e1n, se trata de un proceso gradual y los edificios se usan luego para otras funciones&#8221;, explic\u00f3 Caballero Dur\u00e1n.<\/p>\n<p>En M\u00e9rida se inauguran cinco planteles aproximadamente por cada dos que cierran y en los \u00faltimos 10 a\u00f1os, la Secretar\u00eda de Educaci\u00f3n del Estado de Yucat\u00e1n (Segey) ha registrado la creaci\u00f3n de 43 nuevos en comparaci\u00f3n con los 17 que han sido dados de baja, siendo el principal motivo, tanto de cierre como de apertura, el crecimiento poblacional y la movilidad urbana que esto genera.<\/p>\n<p>De acuerdo con datos del Instituto Nacional de Estad\u00edstica y Geograf\u00eda (Inegi), en 155 a\u00f1os la poblaci\u00f3n yucateca ha crecido casi siete veces m\u00e1s, siendo actualmente cerca de dos millones de personas.<\/p>\n<p>As\u00ed que este aumento ha provocado ciertos cambios en la urbanizaci\u00f3n del estado, adem\u00e1s que hoy en d\u00eda la mitad de los yucatecos vive en la ciudad de M\u00e9rida.<\/p>\n<p>Caballero Dur\u00e1n plante\u00f3 como una de las principales razones de cierres de escuelas, el crecimiento poblacional.<\/p>\n<p>&#8220;La poblaci\u00f3n se mueve, al moverse hay lugares donde hay mayor cantidad de solicitudes y hay tambi\u00e9n lugares donde deja de haber familias, donde ya no hay un crecimiento, un ejemplo de esto son las colonias del Centro, porque son m\u00e1s antiguas, entonces los habitantes son mayores, hay pocos ni\u00f1os y esto se refleja en cada escuela&#8221;, se\u00f1al\u00f3.<\/p>\n<p>Los casos de cierres se presentan con mayor frecuencia en M\u00e9rida, pues es donde las zonas habitacionales dessde hace a\u00f1os rebasaron el Anillo Perif\u00e9rico por ejemplo, y es as\u00ed como la Asociaci\u00f3n Mexicana de Profesionales Inmobiliarios (AMPI) ha identificado zonas como el fraccionamiento Las Am\u00e9ricas, Ciudad Caucel, Kanas\u00edn, Los H\u00e9roes y Um\u00e1n, que se caracterizan por el crecimiento hacia el poniente y el norte, principalmente.<\/p>\n<p>De esta manera, la Segey busca atender las necesidades de cobertura educativa y garantizar el funcionamiento de los servicios (escuelas), de acuerdo con los procesos administrativos correspondientes.<\/p>\n<p><\/p>\n","protected":false},"excerpt":{"rendered":"<p>Se crean cinco planteles por cada dos que son dados de baja en M\u00e9rida.<\/p>\n","protected":false},"author":1018,"featured_media":0,"comment_status":"open","ping_status":"open","sticky":false,"template":"","format":"standard","meta":{"tdm_status":"","tdm_grid_status":"","footnotes":""},"categories":[21],"tags":[],"_links":{"self":[{"href":"https:\/\/dralvarez.com.mx\/larevista\/wp-json\/wp\/v2\/posts\/57762"}],"collection":[{"href":"https:\/\/dralvarez.com.mx\/larevista\/wp-json\/wp\/v2\/posts"}],"about":[{"href":"https:\/\/dralvarez.com.mx\/larevista\/wp-json\/wp\/v2\/types\/post"}],"author":[{"embeddable":true,"href":"https:\/\/dralvarez.com.mx\/larevista\/wp-json\/wp\/v2\/users\/1018"}],"replies":[{"embeddable":true,"href":"https:\/\/dralvarez.com.mx\/larevista\/wp-json\/wp\/v2\/comments?post=57762"}],"version-history":[{"count":0,"href":"https:\/\/dralvarez.com.mx\/larevista\/wp-json\/wp\/v2\/posts\/57762\/revisions"}],"wp:attachment":[{"href":"https:\/\/dralvarez.com.mx\/larevista\/wp-json\/wp\/v2\/media?parent=57762"}],"wp:term":[{"taxonomy":"category","embeddable":true,"href":"https:\/\/dralvarez.com.mx\/larevista\/wp-json\/wp\/v2\/categories?post=57762"},{"taxonomy":"post_tag","embeddable":true,"href":"https:\/\/dralvarez.com.mx\/larevista\/wp-json\/wp\/v2\/tags?post=57762"}],"curies":[{"name":"wp","href":"https:\/\/api.w.org\/{rel}","templated":true}]}}