{"id":57757,"date":"2017-09-15T00:00:00","date_gmt":"2017-09-15T06:00:00","guid":{"rendered":"https:\/\/dralvarez.com.mx\/larevista\/blog\/llega-mediacion-del-infonavit-a-canaco-valladolid-17329"},"modified":"2017-09-15T00:00:00","modified_gmt":"2017-09-15T06:00:00","slug":"llega-mediacion-del-infonavit-a-canaco-valladolid-17329","status":"publish","type":"post","link":"https:\/\/dralvarez.com.mx\/larevista\/yucatan\/llega-mediacion-del-infonavit-a-canaco-valladolid-17329","title":{"rendered":"Llega mediaci\u00f3n del INFONAVIT a CANACO Valladolid"},"content":{"rendered":"<\/p>\n<p>Como parte de su responsabilidad<br \/>\nsocial la C\u00e1mara Nacional de Comercio, Servicios y Turismo de M\u00e9rida,<br \/>\ndelegaci\u00f3n Valladolid, alberg\u00f3 por primera vez el programa de mediaci\u00f3n en<br \/>\ncoordinaci\u00f3n con el Instituto del Fondo Nacional de la Vivienda para los<br \/>\nTrabajadores (INFONAVIT), para apoyar a los trabajadores que presenten alg\u00fan<br \/>\natraso en el pago de su cr\u00e9dito de vivienda<\/p>\n<p>El presidente de la CANACO, delegaci\u00f3n<br \/>\nValladolid, Alfonso Rivero Flores, destac\u00f3 la importancia de este tipo de mesas<br \/>\nde mediaci\u00f3n, pues cumple con el objetivo de evitar que los trabajadores<br \/>\npierdan su patrimonio, pero sobretodo, que tengan ese servicio en su propia<br \/>\nlocalidad, evitando as\u00ed que se trasladen a M\u00e9rida para solucionar su situaci\u00f3n<br \/>\nante esa dependencia federal.<\/p>\n<p>Actualmente, precis\u00f3, Valladolid<br \/>\ncuenta con 409 empresas inscritas al INFONAVIT, que a su vez tiene registrado a<br \/>\n2 mil 897 trabajadores, de los cuales 539 han solicitado y obtenido un cr\u00e9dito<br \/>\nde vivienda, adem\u00e1s existen 2 mil 558 que a\u00fan no han ejercido ese derecho, pero<br \/>\nque podr\u00e1n hacerlo en el momento que se re\u00fanan los requisitos para adquirir una<br \/>\nvivienda nueva o usada de acuerdo a sus posibilidades.<\/p>\n<p>Rivero Flores resalt\u00f3 la disposici\u00f3n<br \/>\nde la delegaci\u00f3n del INFONAVIT, que encabeza el delegado Manuel Bonilla Campo,<br \/>\npor traer las mesas de mediaci\u00f3n a la sede de la CANACO Valladolid, donde se<br \/>\ninvitaron a 737 derechohabientes para aprovechar los esquemas de regularizaci\u00f3n<br \/>\nque se ofrecen para que se pongan al corriente de sus pagos.<\/p>\n<p>Adem\u00e1s, se ofrecieron asesor\u00edas sobre<br \/>\nlos dem\u00e1s programas que ofrece el INFONAVIT, como son Segundo Cr\u00e9dito,<br \/>\nMejoravit, as\u00ed como cualquier duda o ayuda referente a solicitudes para alg\u00fan<br \/>\ncr\u00e9dito de vivienda, indic\u00f3.<\/p>\n<p>Alfonso Rivero subray\u00f3 que para el<br \/>\nsector patronal que representan queda claro que la mayor productividad se<br \/>\nobtiene cuando sus trabajadores logran resolver sus problemas, entre otros, los<br \/>\nde \u00edndoles patrimonial mediante la elecci\u00f3n voluntaria e informada de las<br \/>\nalternativas a su alcance.<\/p>\n<p>Este programa permite por medio de la<br \/>\nmediaci\u00f3n como mecanismo alternativo de soluci\u00f3n de controversias, que los<br \/>\ntrabajadores se enfrenten a un conflicto de tipo judicial, donde la decisi\u00f3n<br \/>\ndel juez pudiera representarse la p\u00e9rdida de su patrimonio.<\/p>\n<p>Por su parte el delegado del<br \/>\nInfonavit, Manuel Bonilla resalt\u00f3 la disposici\u00f3n y el inter\u00e9s de la CANACO<br \/>\nValladolid por ser sede de este programa que promueve el gobierno federal.<\/p>\n<p>En el evento, estuvieron presentes el<br \/>\nVicepresidente de Delegaciones de CANACO M\u00e9rida, Gerardo Vidal Cruz y la<br \/>\ndirectora del Centro Estatal de Soluci\u00f3n de Controversias del Poder Judicial<br \/>\ndel Estado, Gabriel \u00c1vila Miranda.<\/p><\/p>\n","protected":false},"excerpt":{"rendered":"<p>Se invitaron a 737 derechohabientes con alg\u00fan problema en su cr\u00e9dito de vivienda.<\/p>\n","protected":false},"author":1018,"featured_media":0,"comment_status":"open","ping_status":"open","sticky":false,"template":"","format":"standard","meta":{"tdm_status":"","tdm_grid_status":"","footnotes":""},"categories":[21],"tags":[],"_links":{"self":[{"href":"https:\/\/dralvarez.com.mx\/larevista\/wp-json\/wp\/v2\/posts\/57757"}],"collection":[{"href":"https:\/\/dralvarez.com.mx\/larevista\/wp-json\/wp\/v2\/posts"}],"about":[{"href":"https:\/\/dralvarez.com.mx\/larevista\/wp-json\/wp\/v2\/types\/post"}],"author":[{"embeddable":true,"href":"https:\/\/dralvarez.com.mx\/larevista\/wp-json\/wp\/v2\/users\/1018"}],"replies":[{"embeddable":true,"href":"https:\/\/dralvarez.com.mx\/larevista\/wp-json\/wp\/v2\/comments?post=57757"}],"version-history":[{"count":0,"href":"https:\/\/dralvarez.com.mx\/larevista\/wp-json\/wp\/v2\/posts\/57757\/revisions"}],"wp:attachment":[{"href":"https:\/\/dralvarez.com.mx\/larevista\/wp-json\/wp\/v2\/media?parent=57757"}],"wp:term":[{"taxonomy":"category","embeddable":true,"href":"https:\/\/dralvarez.com.mx\/larevista\/wp-json\/wp\/v2\/categories?post=57757"},{"taxonomy":"post_tag","embeddable":true,"href":"https:\/\/dralvarez.com.mx\/larevista\/wp-json\/wp\/v2\/tags?post=57757"}],"curies":[{"name":"wp","href":"https:\/\/api.w.org\/{rel}","templated":true}]}}