{"id":57285,"date":"2017-09-04T00:00:00","date_gmt":"2017-09-04T06:00:00","guid":{"rendered":"https:\/\/dralvarez.com.mx\/larevista\/blog\/sector-turismo-de-canaco-merida-se-capacito-en-inclusion-16838"},"modified":"2017-09-04T00:00:00","modified_gmt":"2017-09-04T06:00:00","slug":"sector-turismo-de-canaco-merida-se-capacito-en-inclusion-16838","status":"publish","type":"post","link":"https:\/\/dralvarez.com.mx\/larevista\/yucatan\/sector-turismo-de-canaco-merida-se-capacito-en-inclusion-16838","title":{"rendered":"Sector turismo de CANACO M\u00e9rida se capacit\u00f3 en inclusi\u00f3n"},"content":{"rendered":"<\/p>\n<p>Para elevar la calidad en el servicio<br \/>\ny ofrecer una atenci\u00f3n incluyente, a las personas con discapacidad auditiva,<br \/>\nque visitan la entidad, la C\u00e1mara Nacional de Comercio, Servicios y Turismo<br \/>\n(CANACO SERVYTUR) de M\u00e9rida en coordinaci\u00f3n con la Secretar\u00eda de Fomento<br \/>\nTur\u00edstico (SEFOTUR) y el Sistema para el Desarrollo Integral de la Familia<br \/>\n(DIF) Yucat\u00e1n, impartieron el diplomado Inclusivo para el Sector Turismo.<\/p>\n<p>As\u00ed, durante tres meses, los 38 asistentes,<br \/>\nentre gu\u00edas de turistas, agentes de viajes, empelados de hoteles y estudiantes<br \/>\nuniversitarios del ramo, se capacitaron durante 120 horas sobre el lenguaje<br \/>\nuniversal de se\u00f1as.<\/p>\n<p>Sobre el curso, el presidente de la<br \/>\nCANACO M\u00e9rida, Juan Jos\u00e9 Abraham Daguer, destac\u00f3 que trabajando de manera<br \/>\nconjunta y coordinada los diferentes sectores se puede crecer en materia de<br \/>\nturismo en la entidad.<\/p>\n<p>Cada d\u00eda el turista busca m\u00e1s<br \/>\natractivos y experiencias, pero aquellas personas que tienen una discapacidad<br \/>\nauditiva no tienen la oportunidad de disfrutar diversos destinos que hay en<br \/>\nYucat\u00e1n, asent\u00f3.<\/p>\n<p>Por ello, consider\u00f3 de gran<br \/>\nimportancia impulsar este tipo de diplomados, para ayudar a que Yucat\u00e1n sea<br \/>\ntur\u00edsticamente incluyente, al tener personal capacitado para atender a todos<br \/>\naquellos turistas con alguna discapacidad auditiva.<\/p>\n<p>Por su parte, el director general del<br \/>\nDIF, Limber Sosa Lara, resalt\u00f3 la disposici\u00f3n del gobierno del estado por<br \/>\natender al turismo inclusivo, por ello, es importante seguir promoviendo e<br \/>\ninvitando a m\u00e1s prestadores de servicios para que se capaciten en esta materia.<\/p>\n<p>El turismo inclusivo tiene que ser un<br \/>\nderecho, ya que la actividad tur\u00edstica es uno de los motores que mueven la<br \/>\neconom\u00eda del estado, de ah\u00ed que es primordial construir opciones inclusivas<br \/>\npara abrir nuevas formas de atenci\u00f3n para aquellas personas que tienen<br \/>\nproblemas auditivos.<\/p>\n<p>En su turno, el director de<br \/>\nInfraestructura y Productos Tur\u00edsticos de SEFOTUR, Jorge Romero Herrera,<br \/>\nresalt\u00f3 el apoyo de la CANACO M\u00e9rida por ser sede del diplomado durante tres<br \/>\nmeses, as\u00ed como reconoci\u00f3 al DIF Yucat\u00e1n la iniciativa recrear y promover<br \/>\nnuevos servicios tur\u00edsticos en Yucat\u00e1n.<\/p>\n<p>En total, explic\u00f3, fueron 38 personas<br \/>\nquienes tomaron el diplomado, entre los que destacaron 16 gu\u00edas de turistas,<br \/>\nempelados de hoteles y agencias de viajes, as\u00ed como estudiantes de la<br \/>\nUniversidad Tecnol\u00f3gica del Sur de Peto.<\/p>\n<p>En la entrega de diplomas estuvieron<br \/>\npresentes tambi\u00e9n Carol Kolozs Fisher, Vicepresidente de Turismo de CANACO<br \/>\nM\u00e9rida y Ren\u00e9 Gonz\u00e1lez Puerto, doctor en Ciencias de la Educaci\u00f3n e instructor<br \/>\ndel lenguaje de se\u00f1as.<\/p><\/p>\n","protected":false},"excerpt":{"rendered":"<p>Concluyen 38 personas diplomado de 120 horas.<\/p>\n","protected":false},"author":1018,"featured_media":0,"comment_status":"open","ping_status":"open","sticky":false,"template":"","format":"standard","meta":{"tdm_status":"","tdm_grid_status":"","footnotes":""},"categories":[21],"tags":[],"_links":{"self":[{"href":"https:\/\/dralvarez.com.mx\/larevista\/wp-json\/wp\/v2\/posts\/57285"}],"collection":[{"href":"https:\/\/dralvarez.com.mx\/larevista\/wp-json\/wp\/v2\/posts"}],"about":[{"href":"https:\/\/dralvarez.com.mx\/larevista\/wp-json\/wp\/v2\/types\/post"}],"author":[{"embeddable":true,"href":"https:\/\/dralvarez.com.mx\/larevista\/wp-json\/wp\/v2\/users\/1018"}],"replies":[{"embeddable":true,"href":"https:\/\/dralvarez.com.mx\/larevista\/wp-json\/wp\/v2\/comments?post=57285"}],"version-history":[{"count":0,"href":"https:\/\/dralvarez.com.mx\/larevista\/wp-json\/wp\/v2\/posts\/57285\/revisions"}],"wp:attachment":[{"href":"https:\/\/dralvarez.com.mx\/larevista\/wp-json\/wp\/v2\/media?parent=57285"}],"wp:term":[{"taxonomy":"category","embeddable":true,"href":"https:\/\/dralvarez.com.mx\/larevista\/wp-json\/wp\/v2\/categories?post=57285"},{"taxonomy":"post_tag","embeddable":true,"href":"https:\/\/dralvarez.com.mx\/larevista\/wp-json\/wp\/v2\/tags?post=57285"}],"curies":[{"name":"wp","href":"https:\/\/api.w.org\/{rel}","templated":true}]}}