{"id":57282,"date":"2017-09-04T00:00:00","date_gmt":"2017-09-04T06:00:00","guid":{"rendered":"https:\/\/dralvarez.com.mx\/larevista\/blog\/hotel-costa-club-del-isstey-instala-desfibrilador-para-salvar-vidas-16835"},"modified":"2017-09-04T00:00:00","modified_gmt":"2017-09-04T06:00:00","slug":"hotel-costa-club-del-isstey-instala-desfibrilador-para-salvar-vidas-16835","status":"publish","type":"post","link":"https:\/\/dralvarez.com.mx\/larevista\/yucatan\/hotel-costa-club-del-isstey-instala-desfibrilador-para-salvar-vidas-16835","title":{"rendered":"Hotel Costa Club del Isstey instala desfibrilador para salvar vidas"},"content":{"rendered":"<\/p>\n<p>El Centro Vacacional \u201cCosta Club\u201d se<br \/>\nconvirti\u00f3 este d\u00eda en el primer hotel en playas yucatecas que cuenta con un<br \/>\ndesfibrilador port\u00e1til, m\u00e1quina que salva vidas y beneficiar\u00e1 a<br \/>\nderechohabientes, turistas extranjeros de cruceros y al p\u00fablico en general que<br \/>\ndisfruta el balneario, operado por el Instituto de Seguridad Social de los<br \/>\nTrabajadores del Estado (Isstey).<\/p>\n<p>Esta<br \/>\nadquisici\u00f3n se enmarca dentro de las actividades de este mes, ya que el 29 es<br \/>\nel D\u00eda Mundial del Coraz\u00f3n, y nos llena de mayor compromiso en la prevenci\u00f3n el<br \/>\nhecho de que hoy asumi\u00f3 el Gobernador Rolando Zapata Bello la coordinaci\u00f3n de<br \/>\nla Comisi\u00f3n Ejecutiva de Salud de la Conferencia Nacional de Gobernadores<br \/>\n(Conago), asever\u00f3 la directora General del Isstey, Gabriela C\u00e1ceres Vergara.<\/p>\n<p>Previo<br \/>\na la instalaci\u00f3n del equipo en el lobby del recinto, la funcionaria clausur\u00f3 el<br \/>\ntaller sobre el manejo adecuado de este dispositivo y otorg\u00f3 reconocimientos a<br \/>\nlos 16 empleados del sitio que aprovecharon esta capacitaci\u00f3n.<\/p>\n<p>Es<br \/>\nun paso importante en la mejora de los servicios en nuestras instalaciones,<br \/>\nporque representa una medida de seguridad destacada para garantizar la<br \/>\nsupervivencia de una v\u00edctima de ataque cardiaco o, al menos, mejorar la<br \/>\nsituaci\u00f3n del mismo hasta la llegada de los equipos de socorro, asegur\u00f3.<\/p>\n<p>Impartieron<br \/>\nel curso pr\u00e1ctico el director Operativo de Asesor\u00eda y Capacitaci\u00f3n del Sureste<br \/>\n(Acsur) y el instructor de la Asociaci\u00f3n Americana del Coraz\u00f3n y t\u00e9cnico en<br \/>\nUrgencias M\u00e9dicas, Juan Cort\u00e1zar Vivas. La Coordinaci\u00f3n de Servicios Especiales<br \/>\ny Atenci\u00f3n Pre Hospitalaria, encabezada por Gabriel Castro Espinosa, fue la<br \/>\ninstancia encargada de desarrollarlo.<\/p>\n<p>Con<br \/>\neste taller, junto con el de Reanimaci\u00f3n Cardio-Pulmonar (RCP) en el que<br \/>\nparticiparon semanas atr\u00e1s, el personal del &#8220;Costa Club&#8221; est\u00e1<br \/>\npreparado para intervenir en un procedimiento de emergencia para salvar vidas,<br \/>\ncuando una persona presente problemas de respiraci\u00f3n o card\u00edacos.<\/p>\n<p>Por<br \/>\nparte del Isstey, asistieron el titular del Organismo Auxiliar de Prestaciones<br \/>\nRecreativas y Hospedaje, Edgardo Baeza Castillo, y el coordinador de Protecci\u00f3n<br \/>\nCivil, Carlos Antonio Tun Castro. Como representante de la Unidad Estatal de<br \/>\nProtecci\u00f3n Civil (Procivy), acudi\u00f3 Gabriel Castro P\u00e9rez.<\/p><\/p>\n","protected":false},"excerpt":{"rendered":"<p>Empleados toman un taller para el manejo adecuado del equipo.<\/p>\n","protected":false},"author":1018,"featured_media":0,"comment_status":"open","ping_status":"open","sticky":false,"template":"","format":"standard","meta":{"tdm_status":"","tdm_grid_status":"","footnotes":""},"categories":[21],"tags":[],"_links":{"self":[{"href":"https:\/\/dralvarez.com.mx\/larevista\/wp-json\/wp\/v2\/posts\/57282"}],"collection":[{"href":"https:\/\/dralvarez.com.mx\/larevista\/wp-json\/wp\/v2\/posts"}],"about":[{"href":"https:\/\/dralvarez.com.mx\/larevista\/wp-json\/wp\/v2\/types\/post"}],"author":[{"embeddable":true,"href":"https:\/\/dralvarez.com.mx\/larevista\/wp-json\/wp\/v2\/users\/1018"}],"replies":[{"embeddable":true,"href":"https:\/\/dralvarez.com.mx\/larevista\/wp-json\/wp\/v2\/comments?post=57282"}],"version-history":[{"count":0,"href":"https:\/\/dralvarez.com.mx\/larevista\/wp-json\/wp\/v2\/posts\/57282\/revisions"}],"wp:attachment":[{"href":"https:\/\/dralvarez.com.mx\/larevista\/wp-json\/wp\/v2\/media?parent=57282"}],"wp:term":[{"taxonomy":"category","embeddable":true,"href":"https:\/\/dralvarez.com.mx\/larevista\/wp-json\/wp\/v2\/categories?post=57282"},{"taxonomy":"post_tag","embeddable":true,"href":"https:\/\/dralvarez.com.mx\/larevista\/wp-json\/wp\/v2\/tags?post=57282"}],"curies":[{"name":"wp","href":"https:\/\/api.w.org\/{rel}","templated":true}]}}