{"id":57276,"date":"2017-09-01T00:00:00","date_gmt":"2017-09-01T06:00:00","guid":{"rendered":"https:\/\/dralvarez.com.mx\/larevista\/blog\/rzb-nuevo-coordinador-de-la-comision-de-salud-de-la-conago-16829"},"modified":"2017-09-01T00:00:00","modified_gmt":"2017-09-01T06:00:00","slug":"rzb-nuevo-coordinador-de-la-comision-de-salud-de-la-conago-16829","status":"publish","type":"post","link":"https:\/\/dralvarez.com.mx\/larevista\/yucatan\/rzb-nuevo-coordinador-de-la-comision-de-salud-de-la-conago-16829","title":{"rendered":"RZB, nuevo coordinador de la Comisi\u00f3n de Salud de la Conago"},"content":{"rendered":"<\/p>\n<p><b>Ciudad de M\u00e9xico, 1 de septiembre de 2017.-<\/b> Los resultados alcanzados en los \u00faltimos a\u00f1os en materia de salud y combate de las carencias sociales hasta su m\u00ednimo hist\u00f3rico, los hemos construido juntos y, de esa forma, los consolidaremos en favor de todos los mexicanos, asegur\u00f3 el titular del Poder Ejecutivo de Yucat\u00e1n, Rolando Zapata Bello, al asumir la coordinaci\u00f3n de la Comisi\u00f3n Ejecutiva de Salud de la Conferencia Nacional de Gobernadores (Conago).<\/p>\n<p>Ante el secretario de Salud, Jos\u00e9 Narro Robles, y el director del Instituto Mexicano del Seguro Social (IMSS), Mikel Arreola Pe\u00f1alosa, el mandatario yucateco, quien releva en el cargo a su hom\u00f3logo del Estado de M\u00e9xico, Eruviel \u00c1vila Villegas, indic\u00f3 que logros como reducci\u00f3n de la mortalidad materna, cobertura universal y disminuci\u00f3n de la pobreza extrema, se han dado gracias al esfuerzo y trabajo que se realiza en cada entidad del pa\u00eds con todas las instancias federales del ramo.<\/p>\n<p>\u201cPor ello, la continua comunicaci\u00f3n con las instituciones de salud mexicanas seguir\u00e1 siendo un eje primordial para esta Comisi\u00f3n, porque son resultados que construimos juntos y juntos los consolidaremos en beneficio de toda la poblaci\u00f3n mexicana. Y todo esto es el mejor reconocimiento que puede tener el gobernador Eruviel \u00c1vila como coordinador de esta Comisi\u00f3n\u201d, asever\u00f3 tras convocar a una reuni\u00f3n conjunta con la Comisi\u00f3n de Hacienda de la Conago, para la pr\u00f3xima semana.<\/p>\n<p>Acompa\u00f1ado del presidente de la Conferencia y jefe de Gobierno de la Ciudad de M\u00e9xico, Miguel \u00c1ngel Mancera Espinosa, Zapata Bello remarc\u00f3 la trascendencia del \u00f3rgano que ahora encabeza, pues desde ah\u00ed se ha fortalecido las acciones en los estados para reducir la mortalidad materna un 13.2 por ciento, de acuerdo con la Direcci\u00f3n General de Epidemiolog\u00eda de la Secretar\u00eda de Salud (SSA).<\/p>\n<p>\u201cEs un gran honor recibir la estafeta de una Comisi\u00f3n que cuenta con tan notables antecedentes. Actualizaremos los retos en esta materia y seguiremos trabajando unidos con la Secretar\u00eda de Salud para enfrentarlos efectivamente. Aprovecharemos la inercia del trabajo bien hecho hasta ahora y redoblaremos esfuerzos, para dar continuidad a las acciones que se realizan desde este espacio para beneficio de la poblaci\u00f3n mexicana\u201d, finaliz\u00f3.<\/p>\n<p>En encuentro celebrado en el Antiguo Palacio del Ayuntamiento de esta capital, el titular de la SSA resalt\u00f3 el compromiso del Gobernador yucateco, quien en la v\u00edspera fue reconocido como el mandatario con el mejor indicador de desempe\u00f1o en el pa\u00eds, en asuntos relacionados con la salud, educaci\u00f3n, desarrollo tecnol\u00f3gico e innovaci\u00f3n.<\/p>\n<p>Sabemos de su capacidad de convencer a que se sumen a sus causas, de su compromiso con Yucat\u00e1n y con sus mejores causas. Nos da gusto que tome esta responsabilidad y encabece esta Comisi\u00f3n, manifest\u00f3 el ex rector de la Universidad Nacional Aut\u00f3noma de M\u00e9xico (UNAM).<\/p>\n<p>En su turno, Arreola Pe\u00f1alosa report\u00f3 los resultados de la compra consolidada de medicamento en el sector p\u00fablico, que a la fecha registra un ahorro de 14 mil 215 millones de pesos, acci\u00f3n que favorece a las instituciones de salud, no s\u00f3lo con el uso eficiente de los recursos sino que tambi\u00e9n incrementa el nivel de abasto.<\/p>\n<p>Previamente, Zapata Bello particip\u00f3 junto con sus hom\u00f3logos del Estado y la Ciudad de M\u00e9xico en una reuni\u00f3n privada con los titulares de la SSA y el IMSS, en la que abordaron diferentes temas relacionados con el sector y las emergencias que han surgido en las \u00faltimas semanas a causa de las fuertes lluvias.<\/p><\/p>\n","protected":false},"excerpt":{"rendered":"<p>Releva en el cargo a su hom\u00f3logo del Estado de M\u00e9xico, Eruviel \u00c1vila Villegas.<\/p>\n","protected":false},"author":1018,"featured_media":0,"comment_status":"open","ping_status":"open","sticky":false,"template":"","format":"standard","meta":{"tdm_status":"","tdm_grid_status":"","footnotes":""},"categories":[21],"tags":[],"_links":{"self":[{"href":"https:\/\/dralvarez.com.mx\/larevista\/wp-json\/wp\/v2\/posts\/57276"}],"collection":[{"href":"https:\/\/dralvarez.com.mx\/larevista\/wp-json\/wp\/v2\/posts"}],"about":[{"href":"https:\/\/dralvarez.com.mx\/larevista\/wp-json\/wp\/v2\/types\/post"}],"author":[{"embeddable":true,"href":"https:\/\/dralvarez.com.mx\/larevista\/wp-json\/wp\/v2\/users\/1018"}],"replies":[{"embeddable":true,"href":"https:\/\/dralvarez.com.mx\/larevista\/wp-json\/wp\/v2\/comments?post=57276"}],"version-history":[{"count":0,"href":"https:\/\/dralvarez.com.mx\/larevista\/wp-json\/wp\/v2\/posts\/57276\/revisions"}],"wp:attachment":[{"href":"https:\/\/dralvarez.com.mx\/larevista\/wp-json\/wp\/v2\/media?parent=57276"}],"wp:term":[{"taxonomy":"category","embeddable":true,"href":"https:\/\/dralvarez.com.mx\/larevista\/wp-json\/wp\/v2\/categories?post=57276"},{"taxonomy":"post_tag","embeddable":true,"href":"https:\/\/dralvarez.com.mx\/larevista\/wp-json\/wp\/v2\/tags?post=57276"}],"curies":[{"name":"wp","href":"https:\/\/api.w.org\/{rel}","templated":true}]}}