{"id":57275,"date":"2017-09-01T00:00:00","date_gmt":"2017-09-01T06:00:00","guid":{"rendered":"https:\/\/dralvarez.com.mx\/larevista\/blog\/pablo-gamboa-impulsa-ley-para-fomentar-la-cultura-de-la-paz-16828"},"modified":"2017-09-01T00:00:00","modified_gmt":"2017-09-01T06:00:00","slug":"pablo-gamboa-impulsa-ley-para-fomentar-la-cultura-de-la-paz-16828","status":"publish","type":"post","link":"https:\/\/dralvarez.com.mx\/larevista\/yucatan\/pablo-gamboa-impulsa-ley-para-fomentar-la-cultura-de-la-paz-16828","title":{"rendered":"Pablo Gamboa impulsa ley para fomentar la cultura de la paz"},"content":{"rendered":"<\/p>\n<p>Estar en el<br \/>\ndistrito ha quedado como distintivo y marca del trabajo que por Yucat\u00e1n, viene<br \/>\nrealizando Pablo Gamboa Miner. As\u00ed lo expresaron vecinos de la Obrera, al sur<br \/>\nde M\u00e9rida, quienes a las puertas de sus casas dialogaron con el Diputado.<\/p>\n<p>Como de<br \/>\ncostumbre, el Legislador yucateco emprendi\u00f3 una caminata a la que se sumaron<br \/>\nlos colonos y en la que tambi\u00e9n compartieron el recuento de los logros,<br \/>\nacciones, gestiones y hechos entregados en su segundo a\u00f1o como representante en<br \/>\nel Congreso de la Uni\u00f3n.<\/p>\n<p>Durante el<br \/>\nrecorrido, Pablo destac\u00f3 el impulso que durante dicho per\u00edodo dio a la creaci\u00f3n<br \/>\nde una ley para establecer las bases de coordinaci\u00f3n entre la federaci\u00f3n, los estados<br \/>\ny los municipios en materia de fomento a la cultura de paz.<\/p>\n<p>\u201cEs<br \/>\nfundamental reconocer y garantizar el derecho que todos tenemos a la<br \/>\ntranquilidad, a contar con condiciones que permitan el cuidado de nuestra<br \/>\nintegridad. En Yucat\u00e1n el trabajo del Gobernador Rolando Zapata Bello ha<br \/>\nfortalecido el clima pac\u00edfico y por eso respaldamos, con esta iniciativa, esa<br \/>\nlabor\u201d, expres\u00f3.  <\/p>\n<p>A su paso<br \/>\npor las viviendas, los colonos coincidieron al expresar que la din\u00e1mica de<br \/>\nGamboa Miner para escucharlos y brindar soluciones, motivan a tomar parte en<br \/>\nlos asuntos de la comunidad pues cuentan con un aliado que no se limita a<br \/>\ntrabajar desde sus oficinas en el Congreso de la Uni\u00f3n.<\/p>\n<p>Destacaron<br \/>\nque con las gestiones y hechos del Diputado federal, tambi\u00e9n se incentiva a ser<br \/>\nparte de acciones diversas en la comunidad para fomentar la paz, para cuidar a<br \/>\nsu colonia, fraccionamiento o comisar\u00eda.<\/p>\n<p>Jefas y<br \/>\njefes de los hogares, personas de la tercera edad, compartieron que desde que<br \/>\nGamboa Miner lleg\u00f3 a la colonia, hace ya m\u00e1s de dos a\u00f1os, ha estado en contacto<br \/>\ncon ellos. Y aunque no tiene fecha o d\u00eda exacto, se le ve por el rumbo pues<br \/>\nacude para platicar con ellos y siempre tiene una buena noticia o un apoyo para<br \/>\nentregar, una respuesta a sus solicitudes.<\/p>\n<p>Pablo<br \/>\nexpres\u00f3 que la meta es llegar a todos los rincones de la ciudad y del Interior<br \/>\ndel Estado, estableciendo puentes de comunicaci\u00f3n directa, sin intermediarios y<br \/>\nlo m\u00e1s importante: regresar a dar los resultados esperados.<\/p>\n<p>&nbsp;\u201cCon<br \/>\nsus ideas, sus propuestas, con su voz, ustedes definen la ruta a seguir, la<br \/>\nruta que marca el reforzar el crecimiento de nuestro Yucat\u00e1n. Juntos seguimos y<br \/>\nas\u00ed encontraremos las mejores soluciones a las necesidades de la comunidad\u201d,<br \/>\nfinaliz\u00f3 Pablo Gamboa Miner.<\/p>\n<p><\/p>\n","protected":false},"excerpt":{"rendered":"<p>En caminata por la colonia Obrera, el Legislador habl\u00f3 del trabajo de leyes por Yucat\u00e1n y M\u00e9xico.<\/p>\n","protected":false},"author":1018,"featured_media":0,"comment_status":"open","ping_status":"open","sticky":false,"template":"","format":"standard","meta":{"tdm_status":"","tdm_grid_status":"","footnotes":""},"categories":[21],"tags":[],"_links":{"self":[{"href":"https:\/\/dralvarez.com.mx\/larevista\/wp-json\/wp\/v2\/posts\/57275"}],"collection":[{"href":"https:\/\/dralvarez.com.mx\/larevista\/wp-json\/wp\/v2\/posts"}],"about":[{"href":"https:\/\/dralvarez.com.mx\/larevista\/wp-json\/wp\/v2\/types\/post"}],"author":[{"embeddable":true,"href":"https:\/\/dralvarez.com.mx\/larevista\/wp-json\/wp\/v2\/users\/1018"}],"replies":[{"embeddable":true,"href":"https:\/\/dralvarez.com.mx\/larevista\/wp-json\/wp\/v2\/comments?post=57275"}],"version-history":[{"count":0,"href":"https:\/\/dralvarez.com.mx\/larevista\/wp-json\/wp\/v2\/posts\/57275\/revisions"}],"wp:attachment":[{"href":"https:\/\/dralvarez.com.mx\/larevista\/wp-json\/wp\/v2\/media?parent=57275"}],"wp:term":[{"taxonomy":"category","embeddable":true,"href":"https:\/\/dralvarez.com.mx\/larevista\/wp-json\/wp\/v2\/categories?post=57275"},{"taxonomy":"post_tag","embeddable":true,"href":"https:\/\/dralvarez.com.mx\/larevista\/wp-json\/wp\/v2\/tags?post=57275"}],"curies":[{"name":"wp","href":"https:\/\/api.w.org\/{rel}","templated":true}]}}