{"id":57243,"date":"2017-09-01T00:00:00","date_gmt":"2017-09-01T06:00:00","guid":{"rendered":"https:\/\/dralvarez.com.mx\/larevista\/blog\/el-pri-no-acepta-guerra-alguna-esta-a-favor-de-la-construccion-de-acuerdos-ochoa-reza-16795"},"modified":"2017-09-01T00:00:00","modified_gmt":"2017-09-01T06:00:00","slug":"el-pri-no-acepta-guerra-alguna-esta-a-favor-de-la-construccion-de-acuerdos-ochoa-reza-16795","status":"publish","type":"post","link":"https:\/\/dralvarez.com.mx\/larevista\/yucatan\/el-pri-no-acepta-guerra-alguna-esta-a-favor-de-la-construccion-de-acuerdos-ochoa-reza-16795","title":{"rendered":"El PRI no acepta guerra alguna; est\u00e1 a favor de la construcci\u00f3n de acuerdos: Ochoa Reza"},"content":{"rendered":"<p><\/p>\n<p>Especial \/ La Revista <\/p>\n<p>El presidente del Comit\u00e9 Ejecutivo Nacional del Partido Revolucionario Institucional, Enrique Ochoa Reza, afirm\u00f3 que para que haya pleito se necesitan dos y el PRI no acepta guerra alguna, porque est\u00e1 a favor de la construcci\u00f3n de acuerdos y de las mejores causas de M\u00e9xico.<br \/>Al inaugurar en el Senado de la Rep\u00fablica los trabajos de la XI Reuni\u00f3n Plenaria del Grupo Parlamentario priista a la LXIII Legislatura, subray\u00f3 que este instituto pol\u00edtico no dejar\u00e1 de se\u00f1alar casos de enriquecimiento inexplicable, porque no se vale enga\u00f1ar al pueblo y crear cortinas de humo como ni\u00f1os llorones.<br \/>\u201cHemos escuchado en d\u00edas recientes el pronunciamiento de un dirigente nacional de otro partido, declar\u00e1ndole la guerra al priismo. Para que haya pleito se necesitan dos. Este partido pol\u00edtico no acepta guerra alguna, estamos a favor de la construcci\u00f3n de acuerdos, a favor de las mejores causas de nuestro pa\u00eds.<br \/>\u201cPero no dejaremos de se\u00f1alar cuando casos individuales tienen mucho que explicar en materia de enriquecimiento inexplicable y lo haremos de manera destacada y dedicada, porque lo que no se vale es enga\u00f1ar al pueblo de M\u00e9xico y crear cortinas de humo, como ni\u00f1os llorones.<br \/> \u201cHacia adelante lo que vamos a construir son espacios de acuerdo y de di\u00e1logo, pero tambi\u00e9n vamos a se\u00f1alar cuando los enriquecimientos inexplicables se presenten y eso no lo podemos aceptar\u201d, puntualiz\u00f3.<br \/>En compa\u00f1\u00eda de la Secretaria General del CEN, Claudia Ruiz Massieu y del Coordinador de los senadores priistas, Emilio Gamboa Patr\u00f3n,  Ochoa Reza destac\u00f3 que en 2018, que ser\u00e1 un a\u00f1o electoral, cobrar\u00e1 m\u00e1s relevancia la Agenda Legislativa que se discutir\u00e1 en el Senado de la Rep\u00fablica.<br \/>Sostuvo que para ello se requiere el talento y la dedicaci\u00f3n que los senadores priistas han demostrado en estos cinco a\u00f1os de trabajo parlamentario.<br \/>\u201cHacia adelante el Senado de la Rep\u00fablica tendr\u00e1 una funci\u00f3n fundamental en la revisi\u00f3n y discusi\u00f3n, en las renegociaciones comerciales del Tratado de Libre Comercio. \u00bfA qu\u00e9 vamos en este periodo ordinario de sesiones? A discutir y aprobar el paquete econ\u00f3mico que derivar\u00e1 en el ejercicio fiscal del 2018.  La ley para prevenir y sancionar los delitos cometidos en materia de hidrocarburos. Una reforma integral en materia de protecci\u00f3n a los migrantes mexicanos que viven en el exterior.<br \/>Y al referirse a los logros de la XXII Asamblea Nacional, el l\u00edder nacional del PRI hizo un amplio reconocimiento a la labor realizada por Claudia Ruiz Massieu como Coordinadora de la misma y al senador Ernesto G\u00e1ndara Camou como Secretario T\u00e9cnico.<br \/>A\u00f1adi\u00f3 que fue relevante la participaci\u00f3n de las 55 senadoras y senadores priistas en las distintas mesas tem\u00e1ticas, donde se llev\u00f3 a cabo una profunda transformaci\u00f3n de los Documentos B\u00e1sicos.<br \/> \u201c\u00bfQu\u00e9 acordamos en la Asamblea? Una profunda transformaci\u00f3n en nuestros Documentos B\u00e1sicos y estableciendo un compromiso muy firme con la ciudadan\u00eda, con miras al proceso electoral 2018.<br \/>\u201cTenemos, a partir de la Asamblea Nacional, las causas que defenderemos en la elecci\u00f3n del 2018 y tambi\u00e9n establecimos los procedimientos pol\u00edticos para avanzar en la construcci\u00f3n de candidaturas de unidad y de inclusi\u00f3n pol\u00edtica en todas las entidades federativas\u201d, detall\u00f3.  <br \/>Durante el evento, Ochoa Reza hizo un especial reconocimiento al Coordinador del Grupo Parlamentario del PRI en el Senado de la Rep\u00fablica, Emilio Gamboa Patr\u00f3n, por el destacado trabajo que realiza para su partido.<\/p>\n","protected":false},"excerpt":{"rendered":"<p>Reconoce ampliamente el desempe\u00f1o de Claudia Ruiz Massieu como Coordinadora de la XXII Asamblea Nacional y de Emilio Gamboa Patr\u00f3n como l\u00edder parlamen<\/p>\n","protected":false},"author":1018,"featured_media":0,"comment_status":"open","ping_status":"open","sticky":false,"template":"","format":"standard","meta":{"tdm_status":"","tdm_grid_status":"","footnotes":""},"categories":[21],"tags":[],"_links":{"self":[{"href":"https:\/\/dralvarez.com.mx\/larevista\/wp-json\/wp\/v2\/posts\/57243"}],"collection":[{"href":"https:\/\/dralvarez.com.mx\/larevista\/wp-json\/wp\/v2\/posts"}],"about":[{"href":"https:\/\/dralvarez.com.mx\/larevista\/wp-json\/wp\/v2\/types\/post"}],"author":[{"embeddable":true,"href":"https:\/\/dralvarez.com.mx\/larevista\/wp-json\/wp\/v2\/users\/1018"}],"replies":[{"embeddable":true,"href":"https:\/\/dralvarez.com.mx\/larevista\/wp-json\/wp\/v2\/comments?post=57243"}],"version-history":[{"count":0,"href":"https:\/\/dralvarez.com.mx\/larevista\/wp-json\/wp\/v2\/posts\/57243\/revisions"}],"wp:attachment":[{"href":"https:\/\/dralvarez.com.mx\/larevista\/wp-json\/wp\/v2\/media?parent=57243"}],"wp:term":[{"taxonomy":"category","embeddable":true,"href":"https:\/\/dralvarez.com.mx\/larevista\/wp-json\/wp\/v2\/categories?post=57243"},{"taxonomy":"post_tag","embeddable":true,"href":"https:\/\/dralvarez.com.mx\/larevista\/wp-json\/wp\/v2\/tags?post=57243"}],"curies":[{"name":"wp","href":"https:\/\/api.w.org\/{rel}","templated":true}]}}