{"id":57241,"date":"2017-09-01T00:00:00","date_gmt":"2017-09-01T06:00:00","guid":{"rendered":"https:\/\/dralvarez.com.mx\/larevista\/blog\/con-menos-estamos-haciendo-mucho-mas-alpha-tavera-escalante-alcaldesa-de-valladolid-16793"},"modified":"2017-09-01T00:00:00","modified_gmt":"2017-09-01T06:00:00","slug":"con-menos-estamos-haciendo-mucho-mas-alpha-tavera-escalante-alcaldesa-de-valladolid-16793","status":"publish","type":"post","link":"https:\/\/dralvarez.com.mx\/larevista\/yucatan\/con-menos-estamos-haciendo-mucho-mas-alpha-tavera-escalante-alcaldesa-de-valladolid-16793","title":{"rendered":"Con menos estamos haciendo mucho m\u00e1s: Alpha Tavera Escalante, alcaldesa de Valladolid"},"content":{"rendered":"<p>Especial \/ La Revista<\/p>\n<p> \u201cCon los recursos e insumos a nuestro alcance, hemos logrado metas que se pensar\u00edan inalcanzables en otras administraciones municipales, por eso hoy, con justicia, podemos afirmar que, con menos, estamos haciendo mucho m\u00e1s\u201d, se\u00f1al\u00f3 la alcaldesa Alpha Tavera Escalante al rendir esta anoche su Segundo Informe de Gobierno Municipal.<br \/>La presentaci\u00f3n de los logros durante el segundo per\u00edodo de esta administraci\u00f3n municipal se realiz\u00f3 en Sesi\u00f3n Solemne de Cabildo frente al Palacio Municipal, ante ciudadanos, invitados y autoridades municipales, estatales y federales.<br \/>Con un v\u00eddeo se plasmaron las acciones realizadas por el Ayuntamiento encabezado por Alpha Tavera. Momentos despu\u00e9s, la presidenta municipal hizo uso de la palabra y detall\u00f3 que una de las cosas m\u00e1s importantes que se lograron este a\u00f1o fue la restructuraci\u00f3n de comisiones edilicias.<br \/>\u201cAl interior del cabildo y a partir del conocimiento de quienes lo integramos y la nueva realidad pol\u00edtica, reestructuramos todas las comisiones, en las que cada regidor independientemente del partido pol\u00edtico del que proviene, tiene a su cargo hoy alguna comisi\u00f3n, todas relevantes, y a todos le corresponde encabezar los trabajos de las once nuevas comisiones sustantivas e importantes para la ciudad y el municipio, integradas de manera plural\u201d, se\u00f1al\u00f3 la alcaldesa de Valladolid.<br \/>En su discurso tambi\u00e9n hizo menci\u00f3n a las obras truncas heredadas por la administraci\u00f3n municipal anterior, se\u00f1alando que se est\u00e1 en espera de las conclusiones definitivas de la Auditor\u00eda Superior de la Federaci\u00f3n, y atentos a las investigaciones de la Procuradur\u00eda General de la Rep\u00fablica.<br \/>\u201cLos vallisoletanos por ning\u00fan motivo debemos permitir que grupos o personas socaven o distraigan para s\u00ed y en su beneficio propio, el patrimonio p\u00fablico del municipio\u201d, reiter\u00f3 Alpha Tavera.<br \/>Al referirse al conflicto que se vive en el Sistema de Agua Potable y Alcantarillado del Municipio de Valladolid, indic\u00f3 que es pertinente mencionar que durante la b\u00fasqueda de predios pertenecientes al municipio, para ofrecer en pago por los adeudos al ISSTEY en las aportaciones de cuotas laborales de los trabajadores del sistema municipal de agua potable, se detect\u00f3 que el  mi\u00e9rcoles 26 de agosto de 2015, 18 hect\u00e1reas de un predio ubicado en san Lorenzo Oxman, fue  vendido al gobierno del estado y pagado al presidente municipal saliente, tres d\u00edas antes de la entrega a esta administraci\u00f3n.<br \/>Detall\u00f3 que la cantidad por esta operaci\u00f3n, que ascendi\u00f3 a 12 millones, no se ha encontrado su destino final, pues dijo que toda la documentaci\u00f3n correspondiente a la cuenta p\u00fablica del \u00faltimo mes de gesti\u00f3n y junto con los expedientes de las obras con recursos federales, fueron retirados de los archivos administrativos municipales, cosa que se hizo constar en el acta de entrega recepci\u00f3n y en su momento fue denunciada ante las autoridades correspondientes.<br \/>En materia de finanzas municipales, se implementaron acciones de mejora en los mecanismos relacionados con la planeaci\u00f3n, control y ejercicio del gasto p\u00fablico de manera responsable y austera; enfocada hacia una cultura de transparencia y saneamiento de la deuda p\u00fablica heredada.<br \/>Asimismo, dijo que desde el inicio de su gesti\u00f3n la actual administraci\u00f3n municipal se propuso ejecutar un presupuesto de egresos m\u00e1s austero en lo que se refiere al gasto corriente y m\u00e1s significativo en la ejecuci\u00f3n de obras y acciones. Adem\u00e1s de logar pagar la cantidad de $8,995,967.48 de la deuda p\u00fablica adquirida de las administraciones pasadas, ya que estos adeudos afectan de manera directa a todos los ciudadanos.<br \/>\u201cLa prudencia ha sido y seguir\u00e1 siendo la aliada que nos acompa\u00f1e en esta \u00faltima etapa, lo que no impedir\u00e1 seguir hablando con la verdad\u201d, finaliz\u00f3 diciendo, sin dejar de dar gracias a los regidores, colaboradores, gobiernos y dependencias federales, y, en particular, a los ciudadanos, quienes, dijo, han tenido la paciencia y dado el favor de su confianza para servirles.<br \/>\u201cLo que se ha hecho bien en Valladolid, es producto del trabajo de su Ayuntamiento, de su alcaldesa y de las autoridades que la acompa\u00f1an\u201d, reiter\u00f3 el representante del gobernador del Estado, Rolando Zapata Bello, el secretario de gobierno estatal, Roberto Antonio Rodr\u00edguez Asaf.<\/p>\n","protected":false},"excerpt":{"rendered":"<p>II Informe<\/p>\n","protected":false},"author":1018,"featured_media":0,"comment_status":"open","ping_status":"open","sticky":false,"template":"","format":"standard","meta":{"tdm_status":"","tdm_grid_status":"","footnotes":""},"categories":[21],"tags":[],"_links":{"self":[{"href":"https:\/\/dralvarez.com.mx\/larevista\/wp-json\/wp\/v2\/posts\/57241"}],"collection":[{"href":"https:\/\/dralvarez.com.mx\/larevista\/wp-json\/wp\/v2\/posts"}],"about":[{"href":"https:\/\/dralvarez.com.mx\/larevista\/wp-json\/wp\/v2\/types\/post"}],"author":[{"embeddable":true,"href":"https:\/\/dralvarez.com.mx\/larevista\/wp-json\/wp\/v2\/users\/1018"}],"replies":[{"embeddable":true,"href":"https:\/\/dralvarez.com.mx\/larevista\/wp-json\/wp\/v2\/comments?post=57241"}],"version-history":[{"count":0,"href":"https:\/\/dralvarez.com.mx\/larevista\/wp-json\/wp\/v2\/posts\/57241\/revisions"}],"wp:attachment":[{"href":"https:\/\/dralvarez.com.mx\/larevista\/wp-json\/wp\/v2\/media?parent=57241"}],"wp:term":[{"taxonomy":"category","embeddable":true,"href":"https:\/\/dralvarez.com.mx\/larevista\/wp-json\/wp\/v2\/categories?post=57241"},{"taxonomy":"post_tag","embeddable":true,"href":"https:\/\/dralvarez.com.mx\/larevista\/wp-json\/wp\/v2\/tags?post=57241"}],"curies":[{"name":"wp","href":"https:\/\/api.w.org\/{rel}","templated":true}]}}