{"id":57238,"date":"2017-09-01T00:00:00","date_gmt":"2017-09-01T06:00:00","guid":{"rendered":"https:\/\/dralvarez.com.mx\/larevista\/blog\/pone-en-marcha-la-delegacion-federal-del-trabajo-la-campana-para-el-cumplimiento-de-la-capacitacion-y-adiestramiento-en-los-centros-laborales-16790"},"modified":"2017-09-01T00:00:00","modified_gmt":"2017-09-01T06:00:00","slug":"pone-en-marcha-la-delegacion-federal-del-trabajo-la-campana-para-el-cumplimiento-de-la-capacitacion-y-adiestramiento-en-los-centros-laborales-16790","status":"publish","type":"post","link":"https:\/\/dralvarez.com.mx\/larevista\/yucatan\/pone-en-marcha-la-delegacion-federal-del-trabajo-la-campana-para-el-cumplimiento-de-la-capacitacion-y-adiestramiento-en-los-centros-laborales-16790","title":{"rendered":"Pone en marcha la Delegaci\u00f3n Federal del Trabajo la campa\u00f1a para el cumplimiento de la capacitaci\u00f3n y adiestramiento en los centros laborales"},"content":{"rendered":"<p>La Delegaci\u00f3n Federal del Trabajo en Yucat\u00e1n que encabeza el Lic. Ricardo B\u00e9jar Herrera puso en marcha la campa\u00f1a para el cumplimiento de las obligaciones legales en materia de capacitaci\u00f3n y adiestramiento, y con ello proporcionar al Sector Empresarial la informaci\u00f3n t\u00e9cnico-legal para facilitar el cumplimiento de sus obligaciones legales. <\/p>\n<p>Asimismo en el marco del inicio de la campa\u00f1a se realiz\u00f3 un curso \u201cPromoci\u00f3n y Asesor\u00eda\u201d donde m\u00e1s de 100 empresas del Estado acudieron para verificar los lineamientos y poder cumplir con los requisitos en la parte de capacitaci\u00f3n y adiestramiento.<\/p>\n<p>Este programa tiene el prop\u00f3sito capacitar a las empresas adem\u00e1s de registrar ante la Secretar\u00eda del Trabajo sus listas de constancias o habilidades de los trabajadores.<\/p>\n<p>Cabe resaltar que la cultura de la capacitaci\u00f3n es un derecho de los trabajadores y una obligaci\u00f3n para las empresas para el beneficio de ambas partes. De igual manera, se busca elevar la productividad que es una de las partes fundamentales para lograr fortalecer a los trabajadores. <\/p>\n<p>\u201cLa capacitaci\u00f3n y adiestramiento es una de las maneras m\u00e1s efectivas de elevar la productividad y competitividad laboral,  estamos en constante coordinaci\u00f3n con las c\u00e1maras empresariales lo que nos permite trabajar en conjunto y mejorar la calidad y salarios de los trabajadores\u201d. resalt\u00f3 B\u00e9jar Herrera<\/p>\n<p>Asimismo, el funcionario indic\u00f3 que la Secretar\u00eda del Trabajo Federal implementar\u00e1 en todo el mes de septiembre la cultura de la capacitaci\u00f3n, promoviendo esta acci\u00f3n en las empresas para fortalecer el asesoramiento para la integraci\u00f3n de sus Comisiones, Capacitaci\u00f3n y Adiestramiento, como herramienta b\u00e1sica para el fortalecimiento del sector de la producci\u00f3n.<\/p>\n<p>En la inauguraci\u00f3n estuvo presente el Presidente de la CANACO SERVYTUR, Lic. Juan Jos\u00e9 Abraham Daguer qui\u00e9n reiter\u00f3 el apoyo y compromiso que tiene esta campa\u00f1a para lograr mejores trabajadores capacitados. <\/p>\n<p>El Programa de Asesoramiento fue impartido por la Lic. Mar\u00eda Judith Lozano P\u00e9rez<br \/>qui\u00e9n coordina la estrategia de promoci\u00f3n de la normatividad en materia de capacitaci\u00f3n y adiestramiento de los trabajadores, en la Direcci\u00f3n General de Capacitaci\u00f3n, Adiestramiento y Productividad Laboral de la Secretar\u00eda del Trabajo y Previsi\u00f3n Social.<\/p>\n","protected":false},"excerpt":{"rendered":"<p>La Delegaci\u00f3n Federal del Trabajo en Yucat\u00e1n que encabeza el Lic. Ricardo B\u00e9jar Herrera puso en marcha la campa\u00f1a para el cumplimiento de las obligaci<\/p>\n","protected":false},"author":1018,"featured_media":0,"comment_status":"open","ping_status":"open","sticky":false,"template":"","format":"standard","meta":{"tdm_status":"","tdm_grid_status":"","footnotes":""},"categories":[21],"tags":[],"_links":{"self":[{"href":"https:\/\/dralvarez.com.mx\/larevista\/wp-json\/wp\/v2\/posts\/57238"}],"collection":[{"href":"https:\/\/dralvarez.com.mx\/larevista\/wp-json\/wp\/v2\/posts"}],"about":[{"href":"https:\/\/dralvarez.com.mx\/larevista\/wp-json\/wp\/v2\/types\/post"}],"author":[{"embeddable":true,"href":"https:\/\/dralvarez.com.mx\/larevista\/wp-json\/wp\/v2\/users\/1018"}],"replies":[{"embeddable":true,"href":"https:\/\/dralvarez.com.mx\/larevista\/wp-json\/wp\/v2\/comments?post=57238"}],"version-history":[{"count":0,"href":"https:\/\/dralvarez.com.mx\/larevista\/wp-json\/wp\/v2\/posts\/57238\/revisions"}],"wp:attachment":[{"href":"https:\/\/dralvarez.com.mx\/larevista\/wp-json\/wp\/v2\/media?parent=57238"}],"wp:term":[{"taxonomy":"category","embeddable":true,"href":"https:\/\/dralvarez.com.mx\/larevista\/wp-json\/wp\/v2\/categories?post=57238"},{"taxonomy":"post_tag","embeddable":true,"href":"https:\/\/dralvarez.com.mx\/larevista\/wp-json\/wp\/v2\/tags?post=57238"}],"curies":[{"name":"wp","href":"https:\/\/api.w.org\/{rel}","templated":true}]}}