{"id":57227,"date":"2017-09-01T00:00:00","date_gmt":"2017-09-01T06:00:00","guid":{"rendered":"https:\/\/dralvarez.com.mx\/larevista\/blog\/lxi-legislatura-aprueba-mesa-directiva-para-proximo-periodo-ordinario-16779"},"modified":"2017-09-01T00:00:00","modified_gmt":"2017-09-01T06:00:00","slug":"lxi-legislatura-aprueba-mesa-directiva-para-proximo-periodo-ordinario-16779","status":"publish","type":"post","link":"https:\/\/dralvarez.com.mx\/larevista\/yucatan\/lxi-legislatura-aprueba-mesa-directiva-para-proximo-periodo-ordinario-16779","title":{"rendered":"LXI Legislatura aprueba Mesa Directiva para pr\u00f3ximo periodo ordinario"},"content":{"rendered":"<p>M\u00e9rida, Yucat\u00e1n, 31 de agosto de 2017.- Por unanimidad, diputados de diferentes fuerzas pol\u00edticas que integran la LXI Legislatura aprobaron la integraci\u00f3n de la Mesa Directiva para el pr\u00f3ximo periodo ordinario a propuesta de la presidenta de la Junta de Gobierno, Celia Rivas Rodr\u00edguez (PRI).<\/p>\n<p>La Mesa Directiva ser\u00e1 presidida por Marco Vela Reyes (PRI) como presidente con Manuel D\u00edaz Su\u00e1rez (PAN) y Jes\u00fas Quintal Ic (PRI) como secretarios; de igual manera la vicepresidenta ser\u00e1 Celia Rivas y como secretarios suplentes David Barrera Zavala y Marbellino Burgos Narv\u00e1ez.<\/p>\n<p>La Diputaci\u00f3n Permanente tambi\u00e9n aval\u00f3 realizar el viernes a las 11 de la ma\u00f1ana la sesi\u00f3n de apertura del Primer Periodo Ordinario del Tercer A\u00f1o de Ejercicio de la actual legislatura que durar\u00e1 del primero de septiembre al 15 de diciembre del a\u00f1o en curso.<\/p>\n<p><\/p>\n","protected":false},"excerpt":{"rendered":"<p>Por unanimidad, diputados de diferentes fuerzas pol\u00edticas que integran la LXI Legislatura aprobaron la integraci\u00f3n de la Mesa Directiva para el pr\u00f3xim<\/p>\n","protected":false},"author":1018,"featured_media":0,"comment_status":"open","ping_status":"open","sticky":false,"template":"","format":"standard","meta":{"tdm_status":"","tdm_grid_status":"","footnotes":""},"categories":[21],"tags":[],"_links":{"self":[{"href":"https:\/\/dralvarez.com.mx\/larevista\/wp-json\/wp\/v2\/posts\/57227"}],"collection":[{"href":"https:\/\/dralvarez.com.mx\/larevista\/wp-json\/wp\/v2\/posts"}],"about":[{"href":"https:\/\/dralvarez.com.mx\/larevista\/wp-json\/wp\/v2\/types\/post"}],"author":[{"embeddable":true,"href":"https:\/\/dralvarez.com.mx\/larevista\/wp-json\/wp\/v2\/users\/1018"}],"replies":[{"embeddable":true,"href":"https:\/\/dralvarez.com.mx\/larevista\/wp-json\/wp\/v2\/comments?post=57227"}],"version-history":[{"count":0,"href":"https:\/\/dralvarez.com.mx\/larevista\/wp-json\/wp\/v2\/posts\/57227\/revisions"}],"wp:attachment":[{"href":"https:\/\/dralvarez.com.mx\/larevista\/wp-json\/wp\/v2\/media?parent=57227"}],"wp:term":[{"taxonomy":"category","embeddable":true,"href":"https:\/\/dralvarez.com.mx\/larevista\/wp-json\/wp\/v2\/categories?post=57227"},{"taxonomy":"post_tag","embeddable":true,"href":"https:\/\/dralvarez.com.mx\/larevista\/wp-json\/wp\/v2\/tags?post=57227"}],"curies":[{"name":"wp","href":"https:\/\/api.w.org\/{rel}","templated":true}]}}