{"id":57226,"date":"2017-09-01T00:00:00","date_gmt":"2017-09-01T06:00:00","guid":{"rendered":"https:\/\/dralvarez.com.mx\/larevista\/blog\/apoyo-a-familias-que-luchan-a-diario-en-el-sur-meridano-16778"},"modified":"2017-09-01T00:00:00","modified_gmt":"2017-09-01T06:00:00","slug":"apoyo-a-familias-que-luchan-a-diario-en-el-sur-meridano-16778","status":"publish","type":"post","link":"https:\/\/dralvarez.com.mx\/larevista\/yucatan\/apoyo-a-familias-que-luchan-a-diario-en-el-sur-meridano-16778","title":{"rendered":"Apoyo a familias que luchan a diario en el sur meridano"},"content":{"rendered":"<\/p>\n<div><b>M\u00e9rida, Yucat\u00e1n, 31 de agosto de 2017.- <\/b>Padre de dos menores de edad y apoyado por su esposa y su familia paterna, Jos\u00e9 de 26 a\u00f1os de edad, padece de esclerosis m\u00faltiple y es una de las muchas personas impulsadas en colonias del sur de la capital meridana, donde a diario se tejen historias de lucha para salir adelante.<\/div>\n<div><\/div>\n<div>La diputada Celia Rivas Rodr\u00edguez, acompa\u00f1ada de integrantes del movimiento de mujeres \u201cLuci\u00e9rnagas Yucat\u00e1n\u201d visit\u00f3 el hogar de la citada familia, donde predomina la uni\u00f3n para hacer frente al reto que les puso el destino.<\/div>\n<div><\/div>\n<div>&nbsp;Vecinos de San Antonio Xluch, recuerdan que Jos\u00e9 era deportista y trabajaba para sacar adelante a su familia, hasta que empez\u00f3 a sentir los estragos de una enfermedad que poco a poco lo ha ido mermando y que los m\u00e9dicos diagnosticaron como esclerosis m\u00faltiple, despu\u00e9s de diversos estudios.<\/div>\n<div>&nbsp;<\/div>\n<div>&nbsp;El mal, que ha ido disminuyendo en sus capacidades f\u00edsicas a Jos\u00e9, no ha sido obst\u00e1culo para que la familia salga adelante, gracias a la uni\u00f3n de su esposa, sus hijos y sus padres paternos, quienes a diario luchan por sacarlo adelante.<\/div>\n<div>&nbsp;<\/div>\n<div>&nbsp;Ante las necesidades existentes por los gastos de la enfermedad, solicitaron la gesti\u00f3n de una silla de ruedas que le fue entregada durante la citada visita.<\/div>\n<div>&nbsp;<\/div>\n<div>Con dificultad para hablar, Jos\u00e9 agradeci\u00f3 a Celia Rivas y a las \u201cLuci\u00e9rnagas\u201d el apoyo, al tiempo de hacer \u00e9nfasis que la recordaba tras alguna visita a la citada colonia, por lo que reiter\u00f3 su agradecimiento por la ayuda recibida.<\/div>\n<div>&nbsp;<\/div>\n<div>&nbsp;\u201cNos encontramos una familia unida y ejemplar. Nada como poder ayudar a quien m\u00e1s lo necesita y que lucha a diario para salir adelante en una verdadera historia de tes\u00f3n y uni\u00f3n familiar\u201d, afirm\u00f3 la legisladora.<\/div>\n<div>&nbsp;<\/div>\n<div>Durante la estancia en San Antonio Xluch, los pap\u00e1s de Jos\u00e9 relataron que su esposa no puede trabajar pues se debe hacer cargo de sus cuidados; en tanto sus dos peque\u00f1os hijos necesitan de atenci\u00f3n y cuidados, por lo que ellos son los que llevan los gastos de la casa.<\/div>\n<div>&nbsp;<\/div>\n<div>&nbsp;Ante ello, se sumaron al agradecimiento por la ayuda recibida y la vista, donde qued\u00f3 la promesa de volver pronto para constatar el estado de salud de Jos\u00e9, rodeado de apoyo y calor familiar.<\/div><\/p>\n","protected":false},"excerpt":{"rendered":"<p>Padre de dos menores de edad y apoyado por su esposa y su familia paterna, Jos\u00e9 de 26 a\u00f1os de edad, padece de esclerosis m\u00faltiple y es una de las much<\/p>\n","protected":false},"author":1018,"featured_media":0,"comment_status":"open","ping_status":"open","sticky":false,"template":"","format":"standard","meta":{"tdm_status":"","tdm_grid_status":"","footnotes":""},"categories":[21],"tags":[],"_links":{"self":[{"href":"https:\/\/dralvarez.com.mx\/larevista\/wp-json\/wp\/v2\/posts\/57226"}],"collection":[{"href":"https:\/\/dralvarez.com.mx\/larevista\/wp-json\/wp\/v2\/posts"}],"about":[{"href":"https:\/\/dralvarez.com.mx\/larevista\/wp-json\/wp\/v2\/types\/post"}],"author":[{"embeddable":true,"href":"https:\/\/dralvarez.com.mx\/larevista\/wp-json\/wp\/v2\/users\/1018"}],"replies":[{"embeddable":true,"href":"https:\/\/dralvarez.com.mx\/larevista\/wp-json\/wp\/v2\/comments?post=57226"}],"version-history":[{"count":0,"href":"https:\/\/dralvarez.com.mx\/larevista\/wp-json\/wp\/v2\/posts\/57226\/revisions"}],"wp:attachment":[{"href":"https:\/\/dralvarez.com.mx\/larevista\/wp-json\/wp\/v2\/media?parent=57226"}],"wp:term":[{"taxonomy":"category","embeddable":true,"href":"https:\/\/dralvarez.com.mx\/larevista\/wp-json\/wp\/v2\/categories?post=57226"},{"taxonomy":"post_tag","embeddable":true,"href":"https:\/\/dralvarez.com.mx\/larevista\/wp-json\/wp\/v2\/tags?post=57226"}],"curies":[{"name":"wp","href":"https:\/\/api.w.org\/{rel}","templated":true}]}}