{"id":57215,"date":"2017-08-31T00:00:00","date_gmt":"2017-08-31T06:00:00","guid":{"rendered":"https:\/\/dralvarez.com.mx\/larevista\/blog\/tormenta-irma-se-convierte-en-huracan-categoria-dos-16767"},"modified":"2017-08-31T00:00:00","modified_gmt":"2017-08-31T06:00:00","slug":"tormenta-irma-se-convierte-en-huracan-categoria-dos-16767","status":"publish","type":"post","link":"https:\/\/dralvarez.com.mx\/larevista\/yucatan\/tormenta-irma-se-convierte-en-huracan-categoria-dos-16767","title":{"rendered":"Tormenta Irma se convierte en hurac\u00e1n categor\u00eda dos"},"content":{"rendered":"<\/p>\n<p>Miami, 31 Ago (Notimex).- La tormenta tropical Irma se convirti\u00f3 el jueves en un hurac\u00e1n categor\u00eda 2 con vientos de 155 kil\u00f3metros por hora mientras se desplaza en el Atl\u00e1ntico hacia el oeste rumbo al mar Caribe, inform\u00f3 el Centro Nacional de Huracanes (CNH).<\/p>\n<p>La dependencia inform\u00f3 en un bolet\u00edn a las 11:00 horas locales (15:00 GMT) que el cicl\u00f3n se ubica a mil 50 kil\u00f3metros al oeste de las africanas Islas de Cabo Verde y se mueve hacia el oeste a 17 kil\u00f3metros por hora.<\/p>\n<p>Se pronostica que Irma se convertir\u00e1 en hurac\u00e1n mayor o categor\u00eda 3 en la escala Saffir-Simpson de 5 niveles, esta noche y que sea \u201cextremadamente peligroso\u201d durante los pr\u00f3ximos d\u00edas.<\/p>\n<p>Los vientos con fuerza de hurac\u00e1n se extienden hasta 30 kil\u00f3metros desde su centro y los vientos con fuerza de tormenta tropical se extienden hasta 130 kil\u00f3metros del centro.<\/p><\/p>\n","protected":false},"excerpt":{"rendered":"<p>La tormenta tropical Irma se convirti\u00f3 el jueves en un hurac\u00e1n categor\u00eda 2 con vientos de 155 kil\u00f3metros por hora mientras se desplaza en el Atl\u00e1ntico<\/p>\n","protected":false},"author":1018,"featured_media":0,"comment_status":"open","ping_status":"open","sticky":false,"template":"","format":"standard","meta":{"tdm_status":"","tdm_grid_status":"","footnotes":""},"categories":[21],"tags":[],"_links":{"self":[{"href":"https:\/\/dralvarez.com.mx\/larevista\/wp-json\/wp\/v2\/posts\/57215"}],"collection":[{"href":"https:\/\/dralvarez.com.mx\/larevista\/wp-json\/wp\/v2\/posts"}],"about":[{"href":"https:\/\/dralvarez.com.mx\/larevista\/wp-json\/wp\/v2\/types\/post"}],"author":[{"embeddable":true,"href":"https:\/\/dralvarez.com.mx\/larevista\/wp-json\/wp\/v2\/users\/1018"}],"replies":[{"embeddable":true,"href":"https:\/\/dralvarez.com.mx\/larevista\/wp-json\/wp\/v2\/comments?post=57215"}],"version-history":[{"count":0,"href":"https:\/\/dralvarez.com.mx\/larevista\/wp-json\/wp\/v2\/posts\/57215\/revisions"}],"wp:attachment":[{"href":"https:\/\/dralvarez.com.mx\/larevista\/wp-json\/wp\/v2\/media?parent=57215"}],"wp:term":[{"taxonomy":"category","embeddable":true,"href":"https:\/\/dralvarez.com.mx\/larevista\/wp-json\/wp\/v2\/categories?post=57215"},{"taxonomy":"post_tag","embeddable":true,"href":"https:\/\/dralvarez.com.mx\/larevista\/wp-json\/wp\/v2\/tags?post=57215"}],"curies":[{"name":"wp","href":"https:\/\/api.w.org\/{rel}","templated":true}]}}