{"id":57214,"date":"2017-08-31T00:00:00","date_gmt":"2017-08-31T06:00:00","guid":{"rendered":"https:\/\/dralvarez.com.mx\/larevista\/blog\/empleados-y-maestros-del-tec-de-merida-inician-paro-laboral-16766"},"modified":"2017-08-31T00:00:00","modified_gmt":"2017-08-31T06:00:00","slug":"empleados-y-maestros-del-tec-de-merida-inician-paro-laboral-16766","status":"publish","type":"post","link":"https:\/\/dralvarez.com.mx\/larevista\/yucatan\/empleados-y-maestros-del-tec-de-merida-inician-paro-laboral-16766","title":{"rendered":"Empleados y maestros del Tec de M\u00e9rida inician paro laboral"},"content":{"rendered":"<p>M\u00e9rida, Yucat\u00e1n; 31 de agosto de 2017 (ACOM).- Trabajadores y personal docente del Instituto Tecnol\u00f3gico de M\u00e9rida (ITM) iniciaron un paro laboral, denunciando varias carencias y falta de infraestructura en las instalaciones de la instituci\u00f3n.<\/p>\n<p><\/p>\n<\/p>\n<p>La Secci\u00f3n 61 del Sindicato Nacional de Trabajadores de la Educaci\u00f3n (SNTE) expuso que el campus poniente del Tecnol\u00f3gico \u201cest\u00e1 abandonado y olvidado\u201d por las autoridades de la instituci\u00f3n.<\/p>\n<p>El secretario general del sindicato, Manuel Jes\u00fas Dom\u00ednguez Salas, dijo que la dirigencia nacional brind\u00f3 su apoyo para realizar el paro y anunci\u00f3 que continuar\u00e1n con este hasta que las autoridades se sientan a dialogar con estos.<\/p>\n<p>Puntualiz\u00f3 que los salones de clase tienen muchas carencias, afectando a los alumnos, adem\u00e1s de que hay deficiencia de luz y malas condiciones de la infraestructura del edificio.<\/p>\n<p>Dom\u00ednguez Salas dijo que se busc\u00f3 dialogar con los directivos del instituto para plantearles estas circunstancias y llegar a una soluci\u00f3n de los problemas que han planteado pero como no fueron escuchados, iniciaron el paro.<\/p>\n<p>Advirti\u00f3 que lo maestros y trabajadores sindicalizados no van a levantar el paro hasta que las autoridades correspondientes escuchen sus demandas y se preocupen por mejorar las condiciones de infraestructura.<\/p>\n<p>Se estima que el paro de labores afecta a unos 2 mil estudiantes de esta instituci\u00f3n.<\/p><\/p>\n","protected":false},"excerpt":{"rendered":"<p>Trabajadores y personal docente del Instituto Tecnol\u00f3gico de M\u00e9rida (ITM) iniciaron un paro laboral, denunciando varias carencias y falta de infraestr<\/p>\n","protected":false},"author":1018,"featured_media":0,"comment_status":"open","ping_status":"open","sticky":false,"template":"","format":"standard","meta":{"tdm_status":"","tdm_grid_status":"","footnotes":""},"categories":[21],"tags":[],"_links":{"self":[{"href":"https:\/\/dralvarez.com.mx\/larevista\/wp-json\/wp\/v2\/posts\/57214"}],"collection":[{"href":"https:\/\/dralvarez.com.mx\/larevista\/wp-json\/wp\/v2\/posts"}],"about":[{"href":"https:\/\/dralvarez.com.mx\/larevista\/wp-json\/wp\/v2\/types\/post"}],"author":[{"embeddable":true,"href":"https:\/\/dralvarez.com.mx\/larevista\/wp-json\/wp\/v2\/users\/1018"}],"replies":[{"embeddable":true,"href":"https:\/\/dralvarez.com.mx\/larevista\/wp-json\/wp\/v2\/comments?post=57214"}],"version-history":[{"count":0,"href":"https:\/\/dralvarez.com.mx\/larevista\/wp-json\/wp\/v2\/posts\/57214\/revisions"}],"wp:attachment":[{"href":"https:\/\/dralvarez.com.mx\/larevista\/wp-json\/wp\/v2\/media?parent=57214"}],"wp:term":[{"taxonomy":"category","embeddable":true,"href":"https:\/\/dralvarez.com.mx\/larevista\/wp-json\/wp\/v2\/categories?post=57214"},{"taxonomy":"post_tag","embeddable":true,"href":"https:\/\/dralvarez.com.mx\/larevista\/wp-json\/wp\/v2\/tags?post=57214"}],"curies":[{"name":"wp","href":"https:\/\/api.w.org\/{rel}","templated":true}]}}