{"id":57213,"date":"2017-08-31T00:00:00","date_gmt":"2017-08-31T06:00:00","guid":{"rendered":"https:\/\/dralvarez.com.mx\/larevista\/blog\/tras-anos-de-espera-primaria-progresena-estrena-domo-16765"},"modified":"2017-08-31T00:00:00","modified_gmt":"2017-08-31T06:00:00","slug":"tras-anos-de-espera-primaria-progresena-estrena-domo-16765","status":"publish","type":"post","link":"https:\/\/dralvarez.com.mx\/larevista\/yucatan\/tras-anos-de-espera-primaria-progresena-estrena-domo-16765","title":{"rendered":"Tras a\u00f1os de espera, primaria progrese\u00f1a estrena domo"},"content":{"rendered":"<\/p>\n<p>Progreso, Yucat\u00e1n; 31 de &nbsp;agosto de 2017.- \u201cEs muy importante que el regreso a clases se d\u00e9 en las mejores condiciones, para que el proceso que vamos a llevar durante el ciclo sea realmente exitoso; el futuro se consolida con todas las tareas que se realizan a favor de la educaci\u00f3n\u201d, afirm\u00f3 el titular de la Secretar\u00eda de Educaci\u00f3n del Gobierno del Estado (Segey), V\u00edctor Caballero Dur\u00e1n, al entregar obras de infraestructura en la primaria \u201cManiobras mar\u00edtimas\u201d de esta demarcaci\u00f3n.&nbsp;<\/p>\n<p>Durante la ceremonia de inauguraci\u00f3n, el funcionario destac\u00f3 el trabajo de los maestros, quienes se incorporan desde una semana antes para hacer la ruta de lo que se abordar\u00e1 durante todo el a\u00f1o, lo que garantiza que cada d\u00eda de clase sea aprovechado al m\u00e1ximo.<\/p>\n<p>Record\u00f3 que, meses atr\u00e1s, acudi\u00f3 al plantel para supervisar las acciones de mejoramiento que ah\u00ed se realizaban, momento en el que se le hizo la petici\u00f3n del domo de la plaza c\u00edvica, que este d\u00eda se inaugur\u00f3. De esta manera, se tech\u00f3 un \u00e1rea de 660 metros cuadrados con una inversi\u00f3n cercana a un mill\u00f3n y medio de pesos.<\/p>\n<\/p>\n<p>Cabe destacar que en la rehabilitaci\u00f3n del edificio se ejerci\u00f3 un recurso superior al mill\u00f3n 200 mil pesos del programa Escuelas al CIEN.<\/p>\n<p>\u201cDesde hace 11 a\u00f1os que entr\u00e9 como directora de esta escuela, hab\u00eda tenido este anhelo y hoy, por fin, puedo verlo realizado. Les agradezco por hacer realidad este sue\u00f1o, y por brindarles a las ni\u00f1as y ni\u00f1os todas las herramientas adecuadas para iniciar este curso escolar\u201d, expres\u00f3 Silvia Flora Pech, responsable del turno matutino.<\/p>\n<p>Acompa\u00f1ado del alcalde Jos\u00e9 Cortes G\u00f3ngora, Caballero Dur\u00e1n entreg\u00f3 paquetes de Bienestar Escolar para 325 estudiantes del turno matutino y 263 del vespertino, quienes recibir\u00e1n \u00fatiles escolares, mochilas, zapatos y camisas de uniforme.<\/p>\n<p>El beneficio total ser\u00e1 para nueve mil 123 alumnos de Progreso, de los cuales seis mil 63 son de primaria, dos mil 872, de secundaria y 188, del Centro de Atenci\u00f3n M\u00faltiple (CAM).<\/p>\n<p>En el evento, estuvieron presentes la diputada Mar\u00eda Esther Alonso Morales; el representante del Gobierno del Estado, Dafne L\u00f3pez Mart\u00ednez; el director del turno vespertino, Adri\u00e1n Bote Cab, y la vicepresidenta de la Sociedad de Padres de Familia, Ogarita Isabel Cruz Gonz\u00e1lez.<\/p><\/p>\n","protected":false},"excerpt":{"rendered":"<p>\u201cEs muy importante que el regreso a clases se d\u00e9 en las mejores condiciones, para que el proceso que vamos a llevar durante el ciclo sea realmente exi<\/p>\n","protected":false},"author":1018,"featured_media":0,"comment_status":"open","ping_status":"open","sticky":false,"template":"","format":"standard","meta":{"tdm_status":"","tdm_grid_status":"","footnotes":""},"categories":[21],"tags":[],"_links":{"self":[{"href":"https:\/\/dralvarez.com.mx\/larevista\/wp-json\/wp\/v2\/posts\/57213"}],"collection":[{"href":"https:\/\/dralvarez.com.mx\/larevista\/wp-json\/wp\/v2\/posts"}],"about":[{"href":"https:\/\/dralvarez.com.mx\/larevista\/wp-json\/wp\/v2\/types\/post"}],"author":[{"embeddable":true,"href":"https:\/\/dralvarez.com.mx\/larevista\/wp-json\/wp\/v2\/users\/1018"}],"replies":[{"embeddable":true,"href":"https:\/\/dralvarez.com.mx\/larevista\/wp-json\/wp\/v2\/comments?post=57213"}],"version-history":[{"count":0,"href":"https:\/\/dralvarez.com.mx\/larevista\/wp-json\/wp\/v2\/posts\/57213\/revisions"}],"wp:attachment":[{"href":"https:\/\/dralvarez.com.mx\/larevista\/wp-json\/wp\/v2\/media?parent=57213"}],"wp:term":[{"taxonomy":"category","embeddable":true,"href":"https:\/\/dralvarez.com.mx\/larevista\/wp-json\/wp\/v2\/categories?post=57213"},{"taxonomy":"post_tag","embeddable":true,"href":"https:\/\/dralvarez.com.mx\/larevista\/wp-json\/wp\/v2\/tags?post=57213"}],"curies":[{"name":"wp","href":"https:\/\/api.w.org\/{rel}","templated":true}]}}