{"id":57198,"date":"2017-08-31T00:00:00","date_gmt":"2017-08-31T06:00:00","guid":{"rendered":"https:\/\/dralvarez.com.mx\/larevista\/blog\/reune-la-expo-adulto-mayor-historias-de-amor-por-la-vida-16749"},"modified":"2017-08-31T00:00:00","modified_gmt":"2017-08-31T06:00:00","slug":"reune-la-expo-adulto-mayor-historias-de-amor-por-la-vida-16749","status":"publish","type":"post","link":"https:\/\/dralvarez.com.mx\/larevista\/yucatan\/reune-la-expo-adulto-mayor-historias-de-amor-por-la-vida-16749","title":{"rendered":"Re\u00fane la Expo Adulto Mayor historias de amor por la vida"},"content":{"rendered":"<\/p>\n<p><b>M\u00e9rida,<br \/>\nYucat\u00e1n, 31 de agosto de 2017.-<\/b> \u201cNos conocimos hace 50 a\u00f1os, enviudamos y hace<br \/>\ndos a\u00f1os nos casamos. Ella busc\u00f3 mi numero en el directorio telef\u00f3nico y nos<br \/>\nreencontramos en Ticul, somos muy felices y celebramos nuestro amor todos los<br \/>\nd\u00edas\u201d, coment\u00f3 Mario Ocampo M\u00e9ndez, abrazando a su esposa Mar\u00eda Aguilar Moguel,<br \/>\nambos nacidos un 15 de agosto y quienes asistieron al concierto de la Banda<br \/>\nYsrael en la clausura de la Expo Adulto Mayor 2017.<\/p>\n<p>Del<br \/>\n28 al 30 de agosto, el Centro de Convenciones Yucat\u00e1n Siglo XXI alberg\u00f3 a m\u00e1s<br \/>\nde 70 expositores, entre participantes de los tres \u00f3rdenes de Gobierno, instituciones acad\u00e9micas, iniciativa privada y sociedad civil,<br \/>\ny tras recorrer este escaparate, la Presidenta del Sistema para el Desarrollo<br \/>\nIntegral de la Familia (DIF) estatal, Sarita Blancarte de Zapata, convivi\u00f3 con<br \/>\nlos cientos de visitantes que disfrutaron de las actividades del \u00faltimo d\u00eda.<\/p>\n<p>En<br \/>\nese marco, el director General del DIF, Jos\u00e9 Limber Sosa Lara, se\u00f1al\u00f3 que a\u00f1o<br \/>\ncon a\u00f1o se superan las expectativas de dicho foro, que no s\u00f3lo es organizado para<br \/>\nrecreaci\u00f3n, sino que hace un llamado a las nuevas generaciones para valorar y<br \/>\nrespetar a las personas adultas mayores, que merecen vivir esta etapa en<br \/>\nplenitud.<\/p>\n<p>\u201cDe<br \/>\ncuando inici\u00f3 la Expo en 2008 a 2017, se ha incrementado el n\u00famero de<br \/>\nparticipantes: de 25 m\u00f3dulos de expositores, a 70 estands; de contar con la<br \/>\nparticipaci\u00f3n de 12 municipios, a 68; de la intervenci\u00f3n de ponentes locales, a<br \/>\nnacionales y extranjeros. Desde el DIF estatal, seguiremos impulsamos proyectos<br \/>\nque protejan los derechos y la dignidad de este sector, y generando din\u00e1micas<br \/>\nque los hagan mejorar su actitud hacia el envejecimiento, tarea que debe ser<br \/>\ncompartida con toda la sociedad, pues estas acciones inician en el hogar\u201d,<br \/>\ndestac\u00f3.<\/p>\n<p>Una<br \/>\nde las charlas m\u00e1s concurridas fue &#8220;Edad con dignidad&#8221;, impartida por<br \/>\nel psic\u00f3logo Luis Rosado S\u00e1nchez de la Fiscal\u00eda General del Estado (FGE), quien<br \/>\nabord\u00f3 temas sobre los derechos de las personas adultas mayores y las<br \/>\nobligaciones de los familiares, as\u00ed como los principales agravios que se cometen<br \/>\ncontra ellos y c\u00f3mo poder prevenirlos.<\/p>\n<p>&#8220;Entre<br \/>\nlos delitos m\u00e1s comunes, tenemos abuso de confianza, robo, discriminaci\u00f3n,<br \/>\ndespojo, fraude o violencia f\u00edsica pero, lamentablemente, pocas veces se<br \/>\ndenuncian estas agresiones porque, la mayor\u00eda de las ocasiones, son los mismos<br \/>\nfamiliares los que las cometen. Estamos aqu\u00ed para recordarles que cuentan con<br \/>\nel respaldo del Gobierno del Estado y que pueden acercarse a la Prodemefa o a<br \/>\nla Fiscal\u00eda para recibir apoyo\u201d, explic\u00f3.<\/p>\n<p>Por<br \/>\notro lado, en el m\u00f3dulo de la Junta de Agua Potable y Alcantarillado (Japay),<br \/>\nse ofreci\u00f3 informaci\u00f3n sobre descuentos en apoyo a pensionados, jubilados,<br \/>\nadultos mayores y personas con discapacidad, que van desde un 50 a un 80 por<br \/>\nciento del consumo m\u00ednimo y de agua, respectivamente.<\/p>\n<p>Con<br \/>\nla frase \u201c\u00a1An\u00edmate a estudiar!\u201d, el m\u00f3dulo del Instituto de Educaci\u00f3n para<br \/>\nAdultos del Estado de Yucat\u00e1n (Ieaey), mediante la Campa\u00f1a de Alfabetizaci\u00f3n y<br \/>\nAbatimiento del Rezago Educativo, brind\u00f3 canalizaci\u00f3n personalizada a todos<br \/>\nquienes deseen terminar la primaria y secundaria de manera gratuita, sin<br \/>\nimportar la edad.<\/p>\n<p>Durante<br \/>\nlos tres d\u00edas de la Expo, en las mesas de los Centros de Desarrollo Familiar<br \/>\n(CDF) del DIF estatal y los municipales, cientos de mujeres y hombres<br \/>\naprovecharon los talleres de diversas manualidades, en los que aprendieron<br \/>\nt\u00e9cnicas de pintura y bordado, entre otros, adem\u00e1s de las optometr\u00edas y<br \/>\naudiometr\u00edas que dicho organismo efectu\u00f3 sin costo.<\/p>\n<p>En<br \/>\ntarima, los espect\u00e1culos musicales de Son de Trova y Banda Ysrael, as\u00ed como los<br \/>\ngrupos La Siembra y Deja V\u00fa, reunieron a miles de personas de diversas edades<br \/>\ncon bast\u00f3n o en silla de ruedas, quienes demostraron en la pista que no existen<br \/>\nlimitantes para gozar la vida.<\/p><\/p>\n","protected":false},"excerpt":{"rendered":"<p>M\u00e1s de 70 expositores ofrecieron informaci\u00f3n y servicios gratuitos, en beneficio de dicho sector y sus familias.<\/p>\n","protected":false},"author":1018,"featured_media":0,"comment_status":"open","ping_status":"open","sticky":false,"template":"","format":"standard","meta":{"tdm_status":"","tdm_grid_status":"","footnotes":""},"categories":[21],"tags":[],"_links":{"self":[{"href":"https:\/\/dralvarez.com.mx\/larevista\/wp-json\/wp\/v2\/posts\/57198"}],"collection":[{"href":"https:\/\/dralvarez.com.mx\/larevista\/wp-json\/wp\/v2\/posts"}],"about":[{"href":"https:\/\/dralvarez.com.mx\/larevista\/wp-json\/wp\/v2\/types\/post"}],"author":[{"embeddable":true,"href":"https:\/\/dralvarez.com.mx\/larevista\/wp-json\/wp\/v2\/users\/1018"}],"replies":[{"embeddable":true,"href":"https:\/\/dralvarez.com.mx\/larevista\/wp-json\/wp\/v2\/comments?post=57198"}],"version-history":[{"count":0,"href":"https:\/\/dralvarez.com.mx\/larevista\/wp-json\/wp\/v2\/posts\/57198\/revisions"}],"wp:attachment":[{"href":"https:\/\/dralvarez.com.mx\/larevista\/wp-json\/wp\/v2\/media?parent=57198"}],"wp:term":[{"taxonomy":"category","embeddable":true,"href":"https:\/\/dralvarez.com.mx\/larevista\/wp-json\/wp\/v2\/categories?post=57198"},{"taxonomy":"post_tag","embeddable":true,"href":"https:\/\/dralvarez.com.mx\/larevista\/wp-json\/wp\/v2\/tags?post=57198"}],"curies":[{"name":"wp","href":"https:\/\/api.w.org\/{rel}","templated":true}]}}