{"id":57194,"date":"2017-08-31T00:00:00","date_gmt":"2017-08-31T06:00:00","guid":{"rendered":"https:\/\/dralvarez.com.mx\/larevista\/blog\/delegacion-estatal-del-issste-ya-cuenta-con-sala-de-lactancia-16745"},"modified":"2017-08-31T00:00:00","modified_gmt":"2017-08-31T06:00:00","slug":"delegacion-estatal-del-issste-ya-cuenta-con-sala-de-lactancia-16745","status":"publish","type":"post","link":"https:\/\/dralvarez.com.mx\/larevista\/yucatan\/delegacion-estatal-del-issste-ya-cuenta-con-sala-de-lactancia-16745","title":{"rendered":"Delegaci\u00f3n estatal del Issste ya cuenta con sala de lactancia"},"content":{"rendered":"<\/p>\n<p><b>M\u00e9rida, Yucat\u00e1n, 31 de agosto de 2017.-<\/b> Este d\u00eda<br \/>\nse inaugur\u00f3 un lactario en la delegaci\u00f3n estatal del Instituto de Seguridad y<br \/>\nServicios Sociales de los Trabajadores del Estado (Issste), en evento<br \/>\nencabezado por la Presidenta del Sistema para el Desarrollo Integral de la<br \/>\nFamilia (DIF) Yucat\u00e1n, Sarita Blancarte de Zapata, que se enmarca dentro del<br \/>\nmovimiento Yucat\u00e1n AMAmanta, dirigido a promover el rescate de la lactancia<br \/>\nmaterna exclusiva.<\/p>\n<p>El titular de la dependencia federal, Luis<br \/>\nAntonio Hevia Jim\u00e9nez, afirm\u00f3 que con la apertura de dicho espacio se cumple<br \/>\ncon el marco jur\u00eddico internacional en la materia, as\u00ed como con las recientes<br \/>\nreformas que prev\u00e9n como obligaci\u00f3n de los entes p\u00fablicos la instalaci\u00f3n de<br \/>\nsalas de este tipo y el fomento a dicha pr\u00e1ctica.<\/p>\n<p>\u201cPromoviendo la lactancia, contribuimos en la<br \/>\nbuena salud del reci\u00e9n nacido y de su propia madre, adem\u00e1s de que se genera un<br \/>\nahorro en el presupuesto familiar de entre 15 y 35 mil pesos anuales. Seg\u00fan<br \/>\ncifras que nos proporcion\u00f3 el \u00e1rea m\u00e9dica, en Yucat\u00e1n, de los 37 mil beb\u00e9s que<br \/>\nnacen al a\u00f1o, s\u00f3lo 11 mil son amamantados de forma exclusiva hasta los seis<br \/>\nmeses de edad\u201d, detall\u00f3.<\/p>\n<p>Tras el corte del list\u00f3n inaugural del lactario,<br \/>\nubicado en el edificio de la delegaci\u00f3n, en la colonia Itzim\u00e1, las autoridades<br \/>\nconstataron que el espacio cuenta con neveras port\u00e1tiles, extractores, aire<br \/>\nacondicionado, sof\u00e1, refrigerador y lavabo. Adem\u00e1s, se inform\u00f3 que personal del<br \/>\nDIF visitar\u00e1 peri\u00f3dicamente la instituci\u00f3n para llevar a las usuarias talleres<br \/>\nsobre el aprovechamiento de este nutriente.<\/p>\n<p>Por su parte, el director General del organismo<br \/>\nde asistencia social, Jos\u00e9 Limber Sosa Lara, asever\u00f3 que no existe mejor<br \/>\nalimento que pueda recibir una ni\u00f1a o ni\u00f1o para su desarrollo que la leche<br \/>\nmaterna. Adem\u00e1s, agreg\u00f3, los beneficios no son \u00fanicamente para el infante o su<br \/>\nmam\u00e1, sino tambi\u00e9n para las propias instituciones o empresas, ya que las<br \/>\ntrabajadoras elevan su compromiso hacia la compa\u00f1\u00eda, as\u00ed como su rendimiento y<br \/>\nproductividad, al tiempo que se reducen las tasas de ausentismo y estr\u00e9s.<\/p><\/p>\n","protected":false},"excerpt":{"rendered":"<p>Se garantiza el derecho de mujeres trabajadoras y sus hijos.<\/p>\n","protected":false},"author":1018,"featured_media":0,"comment_status":"open","ping_status":"open","sticky":false,"template":"","format":"standard","meta":{"tdm_status":"","tdm_grid_status":"","footnotes":""},"categories":[21],"tags":[],"_links":{"self":[{"href":"https:\/\/dralvarez.com.mx\/larevista\/wp-json\/wp\/v2\/posts\/57194"}],"collection":[{"href":"https:\/\/dralvarez.com.mx\/larevista\/wp-json\/wp\/v2\/posts"}],"about":[{"href":"https:\/\/dralvarez.com.mx\/larevista\/wp-json\/wp\/v2\/types\/post"}],"author":[{"embeddable":true,"href":"https:\/\/dralvarez.com.mx\/larevista\/wp-json\/wp\/v2\/users\/1018"}],"replies":[{"embeddable":true,"href":"https:\/\/dralvarez.com.mx\/larevista\/wp-json\/wp\/v2\/comments?post=57194"}],"version-history":[{"count":0,"href":"https:\/\/dralvarez.com.mx\/larevista\/wp-json\/wp\/v2\/posts\/57194\/revisions"}],"wp:attachment":[{"href":"https:\/\/dralvarez.com.mx\/larevista\/wp-json\/wp\/v2\/media?parent=57194"}],"wp:term":[{"taxonomy":"category","embeddable":true,"href":"https:\/\/dralvarez.com.mx\/larevista\/wp-json\/wp\/v2\/categories?post=57194"},{"taxonomy":"post_tag","embeddable":true,"href":"https:\/\/dralvarez.com.mx\/larevista\/wp-json\/wp\/v2\/tags?post=57194"}],"curies":[{"name":"wp","href":"https:\/\/api.w.org\/{rel}","templated":true}]}}