{"id":57177,"date":"2017-08-30T00:00:00","date_gmt":"2017-08-30T06:00:00","guid":{"rendered":"https:\/\/dralvarez.com.mx\/larevista\/blog\/se-forma-tormenta-irma-podria-convertirse-en-huracan-rumbo-al-caribe-16728"},"modified":"2017-08-30T00:00:00","modified_gmt":"2017-08-30T06:00:00","slug":"se-forma-tormenta-irma-podria-convertirse-en-huracan-rumbo-al-caribe-16728","status":"publish","type":"post","link":"https:\/\/dralvarez.com.mx\/larevista\/yucatan\/se-forma-tormenta-irma-podria-convertirse-en-huracan-rumbo-al-caribe-16728","title":{"rendered":"Se forma tormenta \u2018Irma\u2019; podr\u00eda convertirse en hurac\u00e1n rumbo al Caribe"},"content":{"rendered":"<\/p>\n<p>Miami; EUA; 30 de agosto de 2017 (Exc\u00e9lsior).-Irma, la novena tormenta tropical de la temporada de huracanes en el Atl\u00e1ntico, se form\u00f3 hoy cerca del archipi\u00e9lago de Cabo Verde y se espera que se convierta en hurac\u00e1n el pr\u00f3ximo viernes mientras prosigue su rumbo hacia el Caribe, inform\u00f3 el Centro Nacional de Huracanes (NHC) de EE.UU.<\/p>\n<p>Irma presenta vientos m\u00e1ximos sostenidos de 50 millas por hora (85 km\/h) y se desplaza hacia el oeste con una velocidad de traslaci\u00f3n de 13 millas por hora (20 km\/h), indic\u00f3 el NHC en su bolet\u00edn de las 15.00 GMT de hoy.<\/p>\n<p>A esa hora, Irma se encontraba situada a 420 millas (675 kil\u00f3metros) al oeste de las islas de Cabo Verde, frente a la costa noroeste africana.<\/p>\n<p>Se espera su \u201cfortalecimiento adicional en los pr\u00f3ximo dos d\u00edas\u201d, por lo que Irma \u201cpuede convertirse en hurac\u00e1n el viernes\u201d, apunt\u00f3 el NHC.<\/p>\n<p>Mientras, la tormenta tropical Harvey contin\u00faa su camino sobre el suroeste del estado de Luisiana dejando a su paso intensas lluvias que siguen afectando tambi\u00e9n al extremo sureste de Texas.<\/p><\/p>\n","protected":false},"excerpt":{"rendered":"<p>Irma, la novena tormenta tropical de la temporada de huracanes en el Atl\u00e1ntico, se form\u00f3 hoy cerca del archipi\u00e9lago de Cabo Verde y se espera que se c<\/p>\n","protected":false},"author":1018,"featured_media":0,"comment_status":"open","ping_status":"open","sticky":false,"template":"","format":"standard","meta":{"tdm_status":"","tdm_grid_status":"","footnotes":""},"categories":[21],"tags":[],"_links":{"self":[{"href":"https:\/\/dralvarez.com.mx\/larevista\/wp-json\/wp\/v2\/posts\/57177"}],"collection":[{"href":"https:\/\/dralvarez.com.mx\/larevista\/wp-json\/wp\/v2\/posts"}],"about":[{"href":"https:\/\/dralvarez.com.mx\/larevista\/wp-json\/wp\/v2\/types\/post"}],"author":[{"embeddable":true,"href":"https:\/\/dralvarez.com.mx\/larevista\/wp-json\/wp\/v2\/users\/1018"}],"replies":[{"embeddable":true,"href":"https:\/\/dralvarez.com.mx\/larevista\/wp-json\/wp\/v2\/comments?post=57177"}],"version-history":[{"count":0,"href":"https:\/\/dralvarez.com.mx\/larevista\/wp-json\/wp\/v2\/posts\/57177\/revisions"}],"wp:attachment":[{"href":"https:\/\/dralvarez.com.mx\/larevista\/wp-json\/wp\/v2\/media?parent=57177"}],"wp:term":[{"taxonomy":"category","embeddable":true,"href":"https:\/\/dralvarez.com.mx\/larevista\/wp-json\/wp\/v2\/categories?post=57177"},{"taxonomy":"post_tag","embeddable":true,"href":"https:\/\/dralvarez.com.mx\/larevista\/wp-json\/wp\/v2\/tags?post=57177"}],"curies":[{"name":"wp","href":"https:\/\/api.w.org\/{rel}","templated":true}]}}