{"id":57176,"date":"2017-08-30T00:00:00","date_gmt":"2017-08-30T06:00:00","guid":{"rendered":"https:\/\/dralvarez.com.mx\/larevista\/blog\/en-izamal-tambien-hay-buena-educacion-victor-caballero-16727"},"modified":"2017-08-30T00:00:00","modified_gmt":"2017-08-30T06:00:00","slug":"en-izamal-tambien-hay-buena-educacion-victor-caballero-16727","status":"publish","type":"post","link":"https:\/\/dralvarez.com.mx\/larevista\/yucatan\/en-izamal-tambien-hay-buena-educacion-victor-caballero-16727","title":{"rendered":"En Izamal tambi\u00e9n hay buena educaci\u00f3n: V\u00edctor Caballero"},"content":{"rendered":"<\/p>\n<p>Izamal, Yucat\u00e1n; 30 de agosto de 2017.- Con la entrega de paquetes del programa Bienestar Escolar, que apoya la econom\u00eda familiar, as\u00ed como de obras de infraestructura que brindan espacios m\u00e1s c\u00f3modos para mejorar el desempe\u00f1o de los alumnos, la Secretar\u00eda de Educaci\u00f3n del Estado (Segey) y el Ayuntamiento de Izamal trabajan para que los estudiantes tengan una buena ense\u00f1anza.&nbsp;<\/p>\n<p>Durante una gira, el titular de la Segey, V\u00edctor Caballero Dur\u00e1n, reconoci\u00f3 la labor de los maestros y el esfuerzo que realizan las madres y padres para lograr que los ni\u00f1os tengan la oportunidad de instruirse y mejorar su vida a trav\u00e9s de ello. <\/p>\n<p>\u201cEn Yucat\u00e1n tenemos muy buena educaci\u00f3n porque tenemos un buen equipo. Ese equipo en el que todos hacen su parte. En algunos municipios se construyen domos y se mejoran las instalaciones, mientras que el gobierno entrega libros, \u00fatiles escolares y hasta computadoras, todo para que tengan las herramientas necesarias para venir a la escuela\u201d, afirm\u00f3. <\/p>\n<p>Acompa\u00f1ado del presidente municipal, Warnel May Escobar, Caballero Dur\u00e1n llev\u00f3 a cabo la entrega de cuatro mil 91 paquetes que incluyen \u00fatiles, una mochila, un par de zapatos y dos camisas.<\/p>\n<p>Las escuelas beneficiadas con el programa fueron las primarias \u201cTiburcio Mena\u201d, \u201cAquiles Serd\u00e1n\u201d, \u201cAgust\u00edn Melgar\u201d, \u201cBenito Ju\u00e1rez Garc\u00eda\u201d y \u201cCrescencio Carrillo y Ancona\u201d, as\u00ed como el Centro de Atenci\u00f3n M\u00faltiple (CAM) 8. De igual forma, la secundaria \u201cTiburcio Mena\u201d. <\/p>\n<p>Asimismo, se llev\u00f3 a cabo la entrega de mobiliario para la secundaria \u201cRoberto Arturo Hern\u00e1ndez Wolbrie\u201d y de reconocimientos, tabletas y computadoras para los alumnos con los mejores promedios de primaria, secundaria y preparatoria.<\/p>\n<p>Posteriormente, las autoridades se dirigieron a la secundaria \u201cFray Diego de Landa\u201d, en la localidad de Sitilpech, para inaugurar el domo de la plaza c\u00edvica, dotar de material deportivo al equipo de voleibol y dar reconocimientos a los educandos destacados.<\/p>\n<p>Y para continuar con la entrega de obras de infraestructura acudieron a la Secundaria T\u00e9cnica n\u00famero 7 \u201cGeorge Franklin Gaumer Kliero\u201d, donde se construy\u00f3 un nuevo servicio sanitario para beneficio de 454 estudiantes.<\/p>\n<p>\u201cSabemos que con el apoyo que nos dan, nuestra escuela puede seguir mejorando e incluso puede llegar a ser de las mejores del estado. Creemos que los alumnos pueden tener un mejor aprovechamiento escolar si se les brinda un mejor ambiente en el que puedan aprender y convivir mejor\u201d, asegur\u00f3 Faine Sabido Chel, quien cursa tercer a\u00f1o en dicho plantel.<\/p><\/p>\n","protected":false},"excerpt":{"rendered":"<p>Con la entrega de paquetes del programa Bienestar Escolar, que apoya la econom\u00eda familiar, as\u00ed como de obras de infraestructura que brindan espacios m<\/p>\n","protected":false},"author":1018,"featured_media":0,"comment_status":"open","ping_status":"open","sticky":false,"template":"","format":"standard","meta":{"tdm_status":"","tdm_grid_status":"","footnotes":""},"categories":[21],"tags":[],"_links":{"self":[{"href":"https:\/\/dralvarez.com.mx\/larevista\/wp-json\/wp\/v2\/posts\/57176"}],"collection":[{"href":"https:\/\/dralvarez.com.mx\/larevista\/wp-json\/wp\/v2\/posts"}],"about":[{"href":"https:\/\/dralvarez.com.mx\/larevista\/wp-json\/wp\/v2\/types\/post"}],"author":[{"embeddable":true,"href":"https:\/\/dralvarez.com.mx\/larevista\/wp-json\/wp\/v2\/users\/1018"}],"replies":[{"embeddable":true,"href":"https:\/\/dralvarez.com.mx\/larevista\/wp-json\/wp\/v2\/comments?post=57176"}],"version-history":[{"count":0,"href":"https:\/\/dralvarez.com.mx\/larevista\/wp-json\/wp\/v2\/posts\/57176\/revisions"}],"wp:attachment":[{"href":"https:\/\/dralvarez.com.mx\/larevista\/wp-json\/wp\/v2\/media?parent=57176"}],"wp:term":[{"taxonomy":"category","embeddable":true,"href":"https:\/\/dralvarez.com.mx\/larevista\/wp-json\/wp\/v2\/categories?post=57176"},{"taxonomy":"post_tag","embeddable":true,"href":"https:\/\/dralvarez.com.mx\/larevista\/wp-json\/wp\/v2\/tags?post=57176"}],"curies":[{"name":"wp","href":"https:\/\/api.w.org\/{rel}","templated":true}]}}