{"id":57172,"date":"2017-08-30T00:00:00","date_gmt":"2017-08-30T06:00:00","guid":{"rendered":"https:\/\/dralvarez.com.mx\/larevista\/blog\/empresarios-de-merida-piden-explicacion-de-clausuras-de-comercios-16723"},"modified":"2017-08-30T00:00:00","modified_gmt":"2017-08-30T06:00:00","slug":"empresarios-de-merida-piden-explicacion-de-clausuras-de-comercios-16723","status":"publish","type":"post","link":"https:\/\/dralvarez.com.mx\/larevista\/yucatan\/empresarios-de-merida-piden-explicacion-de-clausuras-de-comercios-16723","title":{"rendered":"Empresarios de M\u00e9rida piden explicaci\u00f3n de clausuras de comercios"},"content":{"rendered":"<p>M\u00e9rida, Yucat\u00e1n; 30 de agosto de 2017 (ACOM).- El presidente de la C\u00e1mara Nacional de Comercio de M\u00e9rida (Canaco), Juan Jos\u00e9 Abraham Daguer, pidi\u00f3 una aclaraci\u00f3n al Sistema de Administraci\u00f3n Tributaria (SAT) en Yucat\u00e1n respecto a por qu\u00e9 se est\u00e1n clausurando establecimientos en M\u00e9rida, ya que esto ocasiona p\u00e9rdidas econ\u00f3micas a los empresarios y no estimula la generaci\u00f3n de m\u00e1s oportunidades laborales.<\/p>\n<p><\/p>\n<\/p>\n<p>Seg\u00fan el empresario, hasta ahora el SAT no ha aclarado el motivo de las clausuras a varias empresas restauranteras en los \u00faltimos d\u00edas en plazas comerciales de la capital yucateca, pues consider\u00f3 que antes de aplicar una medida severa, la autoridad hacendaria tiene que notificar a los empresarios de que no est\u00e1n cumpliendo con alg\u00fan tr\u00e1mite fiscal y pudieran ser sancionados.<\/p>\n<p>Abraham Daguer sostuvo que si es por la factura electr\u00f3nica, como se ha mencionado en los operativos, record\u00f3 que el procedimiento entra en vigor a finales de noviembre o principios de diciembre por lo que consider\u00f3 que la autoridad no puede aplicar sanciones y clausuras por que el cambio de factura est\u00e1 en transici\u00f3n.<\/p>\n<p>\u201cEstamos en un proceso de transici\u00f3n en el cual los empresarios los comerciantes organizados y los peque\u00f1os comerciantes son capacitados para el cambio de la nueva fiscalizaci\u00f3n, mientras tanto, nadie debe ser sujeto a sanciones econ\u00f3micas multas clausuras ni embargos en su establecimiento\u201d, extern\u00f3.<\/p>\n<p>Abraham Daguer coment\u00f3 que, seg\u00fan el SAT, el cambio a factura electr\u00f3nica es para un mejor control de la iniciativa privada y peque\u00f1os comerciantes.<\/p>\n<p>A\u00f1adi\u00f3 que tanto empresarios, comercio organizado, peque\u00f1os comerciantes, restauranteros y toda la iniciativa privada se est\u00e1n preparando para ese cambio fiscal que entra en vigor el 30 de noviembre pr\u00f3ximo.<\/p>\n<p>Como se recordar\u00e1, el SAT ha clausurado por lo menos cinco establecimientos que supuestamente no estaban emitiendo facturas electr\u00f3nicas, aunque se les notific\u00f3 antes del procedimiento.<\/p><\/p>\n","protected":false},"excerpt":{"rendered":"<p>El presidente de la C\u00e1mara Nacional de Comercio de M\u00e9rida (Canaco), Juan Jos\u00e9 Abraham Daguer, pidi\u00f3 una aclaraci\u00f3n al Sistema de Administraci\u00f3n Tribut<\/p>\n","protected":false},"author":1018,"featured_media":0,"comment_status":"open","ping_status":"open","sticky":false,"template":"","format":"standard","meta":{"tdm_status":"","tdm_grid_status":"","footnotes":""},"categories":[21],"tags":[],"_links":{"self":[{"href":"https:\/\/dralvarez.com.mx\/larevista\/wp-json\/wp\/v2\/posts\/57172"}],"collection":[{"href":"https:\/\/dralvarez.com.mx\/larevista\/wp-json\/wp\/v2\/posts"}],"about":[{"href":"https:\/\/dralvarez.com.mx\/larevista\/wp-json\/wp\/v2\/types\/post"}],"author":[{"embeddable":true,"href":"https:\/\/dralvarez.com.mx\/larevista\/wp-json\/wp\/v2\/users\/1018"}],"replies":[{"embeddable":true,"href":"https:\/\/dralvarez.com.mx\/larevista\/wp-json\/wp\/v2\/comments?post=57172"}],"version-history":[{"count":0,"href":"https:\/\/dralvarez.com.mx\/larevista\/wp-json\/wp\/v2\/posts\/57172\/revisions"}],"wp:attachment":[{"href":"https:\/\/dralvarez.com.mx\/larevista\/wp-json\/wp\/v2\/media?parent=57172"}],"wp:term":[{"taxonomy":"category","embeddable":true,"href":"https:\/\/dralvarez.com.mx\/larevista\/wp-json\/wp\/v2\/categories?post=57172"},{"taxonomy":"post_tag","embeddable":true,"href":"https:\/\/dralvarez.com.mx\/larevista\/wp-json\/wp\/v2\/tags?post=57172"}],"curies":[{"name":"wp","href":"https:\/\/api.w.org\/{rel}","templated":true}]}}