{"id":57171,"date":"2017-08-30T00:00:00","date_gmt":"2017-08-30T06:00:00","guid":{"rendered":"https:\/\/dralvarez.com.mx\/larevista\/blog\/sorprende-en-yucatan-fallo-en-contra-de-reducir-presupuesto-a-partidos-politicos-16722"},"modified":"2017-08-30T00:00:00","modified_gmt":"2017-08-30T06:00:00","slug":"sorprende-en-yucatan-fallo-en-contra-de-reducir-presupuesto-a-partidos-politicos-16722","status":"publish","type":"post","link":"https:\/\/dralvarez.com.mx\/larevista\/yucatan\/sorprende-en-yucatan-fallo-en-contra-de-reducir-presupuesto-a-partidos-politicos-16722","title":{"rendered":"Sorprende en Yucat\u00e1n fallo en contra de reducir presupuesto a partidos pol\u00edticos"},"content":{"rendered":"<\/p>\n<p>M\u00e9rida, Yucat\u00e1n; 30 de agosto de 2017 (ACOM).- &nbsp;Legisladores locales coincidieron en que el fallo de la Suprema Corte de Justicia de la Naci\u00f3n (SCJN), al declarar inconstitucionales varias reformas en materia electoral del Yucat\u00e1n, tendr\u00e1 que acatarse aunque el tema a\u00fan est\u00e1 pendiente.<\/p>\n<p>David Barrera Zavala, diputado del Partido de la Revoluci\u00f3n Democr\u00e1tica (PRD), lament\u00f3 que la corte fallara en contra de la normativa, la cual atend\u00eda a una demanda ciudadana.<\/p>\n<div>\n<p>\u201cTenemos que acatar la resoluci\u00f3n no podemos negarlo. Una vez que se notifique, estaremos analizando las disposiciones, aunque de entrada, es lamentable\u201d, dijo.<\/p>\n<p>Barrera Zavala enfatiz\u00f3 que el proceso legislativo gener\u00f3 consenso en todas las fuerzas pol\u00edticas del Congreso, lo cual atend\u00eda una demanda ciudadana que ped\u00eda reducir el presupuesto a partidos.<\/p>\n<p>Seg\u00fan la Suprema Corte, luego de analizar el recurso interpuesto por Morena, de reducir un 50 por ciento a los partidos pol\u00edticos en tiempos no electorales, es un tema que le compete al Congreso de la Uni\u00f3n ya que eso se efect\u00faa mediante una f\u00f3rmula estipulada para tal fin, por lo que el Poder Legislativo en Yucat\u00e1n no est\u00e1 facultado para ello.<\/p>\n<p>Asimismo, se\u00f1al\u00f3 que la licencia del presidente de la Junta de Gobierno en caso de buscar la reelecci\u00f3n no debe aplicarse, ya que considera que este puede o no cumplir con dicha disposici\u00f3n.<\/p>\n<p>En ese tenor, David Barrera apunt\u00f3 que ser\u00e1 necesario analizar otras alternativas como la Ley Kumamoto, la cual ya tiene aval de la Corte, como una opci\u00f3n para no echar abajo las reformas hechas hace unos meses.<\/p>\n<p>\u201cEs una alternativa importante que tiene que analizarse, puesto que tambi\u00e9n hace referencia al presupuesto para los partidos\u201d, extern\u00f3.<\/p>\n<p>En su turno, Enrique Febles Bauz\u00e1, legislador del Partido Verde Ecologista de M\u00e9xico (PVEM), coincidi\u00f3 en que se tendr\u00e1n que verificar los puntos remarcados por la Corte, de modo que pudiera trabajarse en una medida que no contravenga los lineamientos de la Constituci\u00f3n.<\/p>\n<p>\u201cSomos respetuosos de las instituciones. Estamos a la espera de la notificaci\u00f3n y una vez teni\u00e9ndola, estaremos trabajando en la materia\u201d, agreg\u00f3.<\/p>\n<p>Ambos legisladores se mostraron contrariados de que haya sido el propio presidente de Morena, Andr\u00e9s Manuel L\u00f3pez Obrador, quien promovi\u00f3 el recurso de inconstitucionalidad, puesto que su representante en el Congreso yucateco vot\u00f3 a favor de la iniciativa.<\/p>\n<\/div>\n","protected":false},"excerpt":{"rendered":"<p>Legisladores locales coincidieron en que el fallo de la Suprema Corte de Justicia de la Naci\u00f3n (SCJN), al declarar inconstitucionales varias reformas<\/p>\n","protected":false},"author":1018,"featured_media":0,"comment_status":"open","ping_status":"open","sticky":false,"template":"","format":"standard","meta":{"tdm_status":"","tdm_grid_status":"","footnotes":""},"categories":[21],"tags":[],"_links":{"self":[{"href":"https:\/\/dralvarez.com.mx\/larevista\/wp-json\/wp\/v2\/posts\/57171"}],"collection":[{"href":"https:\/\/dralvarez.com.mx\/larevista\/wp-json\/wp\/v2\/posts"}],"about":[{"href":"https:\/\/dralvarez.com.mx\/larevista\/wp-json\/wp\/v2\/types\/post"}],"author":[{"embeddable":true,"href":"https:\/\/dralvarez.com.mx\/larevista\/wp-json\/wp\/v2\/users\/1018"}],"replies":[{"embeddable":true,"href":"https:\/\/dralvarez.com.mx\/larevista\/wp-json\/wp\/v2\/comments?post=57171"}],"version-history":[{"count":0,"href":"https:\/\/dralvarez.com.mx\/larevista\/wp-json\/wp\/v2\/posts\/57171\/revisions"}],"wp:attachment":[{"href":"https:\/\/dralvarez.com.mx\/larevista\/wp-json\/wp\/v2\/media?parent=57171"}],"wp:term":[{"taxonomy":"category","embeddable":true,"href":"https:\/\/dralvarez.com.mx\/larevista\/wp-json\/wp\/v2\/categories?post=57171"},{"taxonomy":"post_tag","embeddable":true,"href":"https:\/\/dralvarez.com.mx\/larevista\/wp-json\/wp\/v2\/tags?post=57171"}],"curies":[{"name":"wp","href":"https:\/\/api.w.org\/{rel}","templated":true}]}}