{"id":57169,"date":"2017-08-30T00:00:00","date_gmt":"2017-08-30T06:00:00","guid":{"rendered":"https:\/\/dralvarez.com.mx\/larevista\/blog\/se-echa-de-reversa-y-estrella-su-bmw-en-local-de-plaza-comercial-16720"},"modified":"2017-08-30T00:00:00","modified_gmt":"2017-08-30T06:00:00","slug":"se-echa-de-reversa-y-estrella-su-bmw-en-local-de-plaza-comercial-16720","status":"publish","type":"post","link":"https:\/\/dralvarez.com.mx\/larevista\/yucatan\/se-echa-de-reversa-y-estrella-su-bmw-en-local-de-plaza-comercial-16720","title":{"rendered":"Se echa de reversa y estrella su BMW en local de plaza comercial"},"content":{"rendered":"<\/p>\n<p>Una mujer estrell\u00f3 su camioneta de lujo contra un ventanal de cristal de unos locales de la Plaza Solare, en la colonia San Antonio Cucul al norte de M\u00e9rida.<\/p>\n<p>El accidente ocurri\u00f3 la tarde de hoy en plaza ubicada sobre la avenida C\u00e1mara de Comercio por 28, cuando la guiadora de la camioneta BMW placas ZAV-5204 retrocedi\u00f3 para salir de un caj\u00f3n del estacionamiento.<\/p>\n<p>Pero la mujer aceler\u00f3 de m\u00e1s, por lo que la lujosa camioneta se estrell\u00f3 contra el pa\u00f1o de cristal de un local que se encontraba vac\u00edo.<\/p>\n<p>Por fortuna, la mujer sali\u00f3 ilesa del percance. Hasta al sitio llegaron las unidades de la Polic\u00eda Estatal, as\u00ed como el representante de la plaza comercial y la aseguradora del veh\u00edculo que se hizo cargo de los da\u00f1os ocasionados.<\/p>\n<p><\/p>\n","protected":false},"excerpt":{"rendered":"<p>Una mujer estrell\u00f3 su camioneta de lujo contra un ventanal de cristal de unos locales de la Plaza Solare, en la colonia San Antonio Cucul al norte de<\/p>\n","protected":false},"author":1018,"featured_media":0,"comment_status":"open","ping_status":"open","sticky":false,"template":"","format":"standard","meta":{"tdm_status":"","tdm_grid_status":"","footnotes":""},"categories":[21],"tags":[],"_links":{"self":[{"href":"https:\/\/dralvarez.com.mx\/larevista\/wp-json\/wp\/v2\/posts\/57169"}],"collection":[{"href":"https:\/\/dralvarez.com.mx\/larevista\/wp-json\/wp\/v2\/posts"}],"about":[{"href":"https:\/\/dralvarez.com.mx\/larevista\/wp-json\/wp\/v2\/types\/post"}],"author":[{"embeddable":true,"href":"https:\/\/dralvarez.com.mx\/larevista\/wp-json\/wp\/v2\/users\/1018"}],"replies":[{"embeddable":true,"href":"https:\/\/dralvarez.com.mx\/larevista\/wp-json\/wp\/v2\/comments?post=57169"}],"version-history":[{"count":0,"href":"https:\/\/dralvarez.com.mx\/larevista\/wp-json\/wp\/v2\/posts\/57169\/revisions"}],"wp:attachment":[{"href":"https:\/\/dralvarez.com.mx\/larevista\/wp-json\/wp\/v2\/media?parent=57169"}],"wp:term":[{"taxonomy":"category","embeddable":true,"href":"https:\/\/dralvarez.com.mx\/larevista\/wp-json\/wp\/v2\/categories?post=57169"},{"taxonomy":"post_tag","embeddable":true,"href":"https:\/\/dralvarez.com.mx\/larevista\/wp-json\/wp\/v2\/tags?post=57169"}],"curies":[{"name":"wp","href":"https:\/\/api.w.org\/{rel}","templated":true}]}}