{"id":57168,"date":"2017-08-30T00:00:00","date_gmt":"2017-08-30T06:00:00","guid":{"rendered":"https:\/\/dralvarez.com.mx\/larevista\/blog\/ficmaya-puente-cultural-que-fortalece-lazos-de-cooperacion-16719"},"modified":"2017-08-30T00:00:00","modified_gmt":"2017-08-30T06:00:00","slug":"ficmaya-puente-cultural-que-fortalece-lazos-de-cooperacion-16719","status":"publish","type":"post","link":"https:\/\/dralvarez.com.mx\/larevista\/yucatan\/ficmaya-puente-cultural-que-fortalece-lazos-de-cooperacion-16719","title":{"rendered":"Ficmaya, puente cultural que fortalece lazos de cooperaci\u00f3n"},"content":{"rendered":"<\/p>\n<p>Ciudad de M\u00e9xico, 30 de agosto de 2017.- Yucat\u00e1n y Canad\u00e1 fortalecer\u00e1n sus lazos de cooperaci\u00f3n a trav\u00e9s del Festival Internacional de la Cultura Maya (Ficmaya) 2017, que se realizar\u00e1 del 19 de octubre al 5 de noviembre, y que incluye m\u00e1s de 300 actividades acad\u00e9micas, art\u00edsticas y culturales en las que participar\u00e1 una cifra superior a los 700 creadores, acad\u00e9micos y especialistas.&nbsp;<\/p>\n<p><u><\/u><\/p>\n<p>En representaci\u00f3n del Gobernador Rolando Zapata Bello, el titular de la Secretar\u00eda de la Cultura y las Artes del estado (Sedeculta), Roger Metri Duarte, encabez\u00f3 en esta capital la presentaci\u00f3n de la sexta edici\u00f3n del Festival, cuyo lema es \u201cLa cosmogon\u00eda y la preservaci\u00f3n del planeta\u201d, &nbsp;y que tiene como invitados especiales a la naci\u00f3n antes mencionada y a la Ciudad de M\u00e9xico.&nbsp;<\/p>\n<p><u><\/u><\/p>\n<p>Durante el evento realizado en la sala \u201cManuel M. Ponce\u201d del Palacio de Bellas Artes, que reuni\u00f3 a diplom\u00e1ticos y representantes de la comunidad art\u00edstica y cultural del pa\u00eds, el funcionario estatal record\u00f3 que hoy por hoy Yucat\u00e1n est\u00e1 de moda, resultado de que las cosas marchan bien, pues tiene un crecimiento econ\u00f3mico sostenido y un clima de seguridad inigualable.&nbsp;<\/p>\n<p><u><\/u><\/p>\n<p>\u201cLes esperamos en Yucat\u00e1n para disfrutar de los eventos gratuitos que el Ficmaya ofrecer\u00e1 durante el oto\u00f1o. Tendremos con nosotros las expresiones culturales de un pa\u00eds que es amigo, socio y aliado de nuestra naci\u00f3n, como lo es Canad\u00e1\u201d, asever\u00f3 en presencia del embajador de dicha naci\u00f3n en la Rep\u00fablica, Pierre Alarie, y del secretario de Cultura de la Ciudad de M\u00e9xico, Eduardo V\u00e1quez Mart\u00edn.&nbsp;<\/p>\n<p><u><\/u><\/p>\n<p>La ceremonia de presentaci\u00f3n estuvo engalanada, adem\u00e1s de danzantes, sacerdotes mayas y hermosas mestizas, por los m\u00fasicos yucatecos Cecilio Perera, Ricardo Vega, Pedro Carlos Herrera y Mariel\u00ed Sosa, quienes interpretaron melod\u00edas tradicionales de la entidad.&nbsp;<\/p>\n<p><u><\/u><\/p>\n<p>Al hacer uso de la palabra, el presidente Ejecutivo del Ficmaya, Jorge Esma Baz\u00e1n, expuso que ante la realidad cambiante que enfrentamos como sociedad, los festivales culturales son un aliento espiritual y una alternativa para combatir la violencia y la inseguridad, permitiendo crear una conciencia sobre la solidaridad.&nbsp;<\/p>\n<p><u><\/u><\/p>\n<p>La cultura es esencia, nos abre nuevos horizontes y contribuye a preservar nuestras tradiciones. El turismo cultural es una apuesta clara de Yucat\u00e1n para sumarse el impulso de M\u00e9xico, sentenci\u00f3.&nbsp;<\/p>\n<p><u><\/u><\/p>\n<p>Entre las actividades que incluye esta edici\u00f3n est\u00e1n la Mesa Redonda del Mayab \u201cLa cosmogon\u00eda y mitolog\u00eda entre los mayas\u201d, la conferencia mundial \u201cLa cosmogon\u00eda y mitolog\u00eda de las civilizaciones milenarias en la preservaci\u00f3n del planeta\u201d y el ciclo de conferencias \u201cChanul: percepciones y concepciones zool\u00f3gicas mayas\u201d.&nbsp;<\/p>\n<p><u><\/u><\/p>\n<p>En ese marco, se entregar\u00e1n reconocimientos a Lilia Arag\u00f3n, Ofelia Medina, Tania Libertad, Willebaldo L\u00f3pez e Ignacio L\u00f3pez Tarso. Entre los participantes figuran las int\u00e9rpretes Eugenia Le\u00f3n y Guadalupe Pineda.&nbsp;<\/p>\n<p><u><\/u><\/p>\n<p>El Ficmaya 2017 ser\u00e1 inaugurado el d\u00eda 19 de octubre a las seis de la tarde en el teatro \u201cJos\u00e9 Pe\u00f3n Contreras\u201d y posteriormente se llevar\u00e1 al cabo un desfile del parque de Santa Luc\u00eda a la Plaza Grande de M\u00e9rida. A las nueve de la noche, en el cruce de las calles 60 y 63, est\u00e1 programado el concierto inaugural con las Orquestas Filarm\u00f3nica Juvenil de la Ciudad de M\u00e9xico y la Tropical.<\/p>\n<p>Los eventos concluir\u00e1n el 5 de noviembre a las nueve de la noche con el concierto de Merenglass y la Charanga Habanera en el Paseo Verde.<\/p><\/p>\n","protected":false},"excerpt":{"rendered":"<p>En la sexta edici\u00f3n, Canad\u00e1 y Ciudad de M\u00e9xico ser\u00e1n el pa\u00eds y estado invitados, respectivamente.<\/p>\n","protected":false},"author":1018,"featured_media":0,"comment_status":"open","ping_status":"open","sticky":false,"template":"","format":"standard","meta":{"tdm_status":"","tdm_grid_status":"","footnotes":""},"categories":[21],"tags":[],"_links":{"self":[{"href":"https:\/\/dralvarez.com.mx\/larevista\/wp-json\/wp\/v2\/posts\/57168"}],"collection":[{"href":"https:\/\/dralvarez.com.mx\/larevista\/wp-json\/wp\/v2\/posts"}],"about":[{"href":"https:\/\/dralvarez.com.mx\/larevista\/wp-json\/wp\/v2\/types\/post"}],"author":[{"embeddable":true,"href":"https:\/\/dralvarez.com.mx\/larevista\/wp-json\/wp\/v2\/users\/1018"}],"replies":[{"embeddable":true,"href":"https:\/\/dralvarez.com.mx\/larevista\/wp-json\/wp\/v2\/comments?post=57168"}],"version-history":[{"count":0,"href":"https:\/\/dralvarez.com.mx\/larevista\/wp-json\/wp\/v2\/posts\/57168\/revisions"}],"wp:attachment":[{"href":"https:\/\/dralvarez.com.mx\/larevista\/wp-json\/wp\/v2\/media?parent=57168"}],"wp:term":[{"taxonomy":"category","embeddable":true,"href":"https:\/\/dralvarez.com.mx\/larevista\/wp-json\/wp\/v2\/categories?post=57168"},{"taxonomy":"post_tag","embeddable":true,"href":"https:\/\/dralvarez.com.mx\/larevista\/wp-json\/wp\/v2\/tags?post=57168"}],"curies":[{"name":"wp","href":"https:\/\/api.w.org\/{rel}","templated":true}]}}