{"id":57167,"date":"2017-08-30T00:00:00","date_gmt":"2017-08-30T06:00:00","guid":{"rendered":"https:\/\/dralvarez.com.mx\/larevista\/blog\/yucatan-apuesta-por-el-fortalecimiento-del-modelo-de-seguridad-nacional-16718"},"modified":"2017-08-30T00:00:00","modified_gmt":"2017-08-30T06:00:00","slug":"yucatan-apuesta-por-el-fortalecimiento-del-modelo-de-seguridad-nacional-16718","status":"publish","type":"post","link":"https:\/\/dralvarez.com.mx\/larevista\/yucatan\/yucatan-apuesta-por-el-fortalecimiento-del-modelo-de-seguridad-nacional-16718","title":{"rendered":"Yucat\u00e1n apuesta por el fortalecimiento del modelo de seguridad nacional"},"content":{"rendered":"<\/p>\n<p>Ciudad de M\u00e9xico, 30 de agosto de 2017.- El Gobernador Rolando Zapata Bello asisti\u00f3 a la 42 Sesi\u00f3n del Consejo Nacional de Seguridad P\u00fablica encabezada por el Presidente Enrique Pe\u00f1a Nieto, en la que se establecieron compromisos para afinar las estrategias y acciones para alcanzar los objetivos en la materia.&nbsp;<\/p>\n<p><u><\/u><\/p>\n<p>En evento celebrado en Palacio Nacional, el mandatario yucateco, acompa\u00f1ado de sus hom\u00f3logos de los 31 estados y el jefe de Gobierno del Distrito Federal, Miguel \u00c1ngel Mancera, se sum\u00f3 al llamado para el fortalecimiento de un modelo acorde a las necesidades del mundo actual. Se busca que \u00e9ste favorezca la prevenci\u00f3n social de la violencia, haga m\u00e1s fuertes a las instituciones y promueva el uso de sistemas de inteligencia.<\/p>\n<p>Ante el procurador General de la Rep\u00fablica, Ra\u00fal Cervantes Andrade, el titular de la Secretar\u00eda de Gobernaci\u00f3n (Segob), Miguel \u00c1ngel Osorio Chong, plante\u00f3 un acuerdo para la evaluaci\u00f3n y mejora de las Polic\u00edas, en el que se atiendan las deficiencias y se cuente con un n\u00famero aceptable de elementos por cada 100 mil habitantes.<\/p>\n<p>Tambi\u00e9n, destac\u00f3 la depuraci\u00f3n de los agentes no aptos, que se cuente con el Certificado \u00danico Policial (CUP) y se concrete la dignificaci\u00f3n salarial. Adem\u00e1s, que las entidades se comprometan a presentar un plan de trabajo para cumplir con estos indicadores, entre otras propuestas.<\/p><\/p>\n","protected":false},"excerpt":{"rendered":"<p>Asiste el Gobernador a la 42 Sesi\u00f3n del Consejo Nacional del rubro.<\/p>\n","protected":false},"author":1018,"featured_media":0,"comment_status":"open","ping_status":"open","sticky":false,"template":"","format":"standard","meta":{"tdm_status":"","tdm_grid_status":"","footnotes":""},"categories":[21],"tags":[],"_links":{"self":[{"href":"https:\/\/dralvarez.com.mx\/larevista\/wp-json\/wp\/v2\/posts\/57167"}],"collection":[{"href":"https:\/\/dralvarez.com.mx\/larevista\/wp-json\/wp\/v2\/posts"}],"about":[{"href":"https:\/\/dralvarez.com.mx\/larevista\/wp-json\/wp\/v2\/types\/post"}],"author":[{"embeddable":true,"href":"https:\/\/dralvarez.com.mx\/larevista\/wp-json\/wp\/v2\/users\/1018"}],"replies":[{"embeddable":true,"href":"https:\/\/dralvarez.com.mx\/larevista\/wp-json\/wp\/v2\/comments?post=57167"}],"version-history":[{"count":0,"href":"https:\/\/dralvarez.com.mx\/larevista\/wp-json\/wp\/v2\/posts\/57167\/revisions"}],"wp:attachment":[{"href":"https:\/\/dralvarez.com.mx\/larevista\/wp-json\/wp\/v2\/media?parent=57167"}],"wp:term":[{"taxonomy":"category","embeddable":true,"href":"https:\/\/dralvarez.com.mx\/larevista\/wp-json\/wp\/v2\/categories?post=57167"},{"taxonomy":"post_tag","embeddable":true,"href":"https:\/\/dralvarez.com.mx\/larevista\/wp-json\/wp\/v2\/tags?post=57167"}],"curies":[{"name":"wp","href":"https:\/\/api.w.org\/{rel}","templated":true}]}}