{"id":57164,"date":"2017-08-30T00:00:00","date_gmt":"2017-08-30T06:00:00","guid":{"rendered":"https:\/\/dralvarez.com.mx\/larevista\/blog\/sejuve-profesionaliza-el-servicio-social-16713"},"modified":"2017-08-30T00:00:00","modified_gmt":"2017-08-30T06:00:00","slug":"sejuve-profesionaliza-el-servicio-social-16713","status":"publish","type":"post","link":"https:\/\/dralvarez.com.mx\/larevista\/yucatan\/sejuve-profesionaliza-el-servicio-social-16713","title":{"rendered":"Sejuve profesionaliza el servicio social"},"content":{"rendered":"<\/p>\n<p><b>M\u00e9rida,<br \/>\nYucat\u00e1n, 30 de agosto de 2017.- <\/b>Ahora, el servicio social brindar\u00e1 una<br \/>\nexperiencia de mayor provecho para los estudiantes, pues podr\u00e1n efectuarlo en<br \/>\norganismos civiles o dependencias federales de acuerdo al perfil y objetivos de<br \/>\ndesarrollo acad\u00e9mico de cada uno. <\/p>\n<p>Los<br \/>\ninteresados deber\u00e1n inscribirse al programa Profesional\u00edzate, el cual la<br \/>\nSecretar\u00eda de la Juventud del Estado (Sejuve) implement\u00f3 recientemente para<br \/>\nfortalecer el aprendizaje de los estudiantes que ya se encuentran en esta etapa<br \/>\nde su formaci\u00f3n. <\/p>\n<p>Para que<br \/>\nesto sea posible, durante la semana de la educaci\u00f3n de Agosto Joven, el titular<br \/>\nde la Sejuve, Luis Enrique Borjas Romero, firm\u00f3 un convenio de colaboraci\u00f3n con<br \/>\nla delegaci\u00f3n de la Secretar\u00eda de Gobernaci\u00f3n (Segob) en Yucat\u00e1n, la Secretar\u00eda<br \/>\nde Educaci\u00f3n P\u00fablica (SEP) y la Junta de Asistencia Privada (Japey).<\/p>\n<p>\u201cDe acuerdo<br \/>\na lo que estudian, los j\u00f3venes pueden escoger proyectos en alguna de las<br \/>\ndependencias estatales, y ahora tendr\u00e1n para su elecci\u00f3n alguna de las<br \/>\ndelegaciones federales, asociaciones civiles o agrupaciones con fines<br \/>\naltruistas\u201d, puntualiz\u00f3 tras rubricar el acuerdo. <\/p>\n<p>Borjas<br \/>\nRomero destac\u00f3 que para hacer m\u00e1s f\u00e1cil el acceso a este servicio, los interesados<br \/>\npueden registrarse en l\u00ednea y escoger los proyectos que m\u00e1s les interesen, \u201csi<br \/>\nel joven no est\u00e1 seguro, nosotros  lo guiamos y asesoramos\u201d. <\/p>\n<p>Recalc\u00f3 que<br \/>\na\u00f1o con a\u00f1o se ha duplicado el n\u00famero de personas que se inscriben a<br \/>\nProfesional\u00edzate, por lo que cada vez m\u00e1s estudiantes aprenden de su servicio<br \/>\nsocial, de sus estad\u00edas y de sus pr\u00e1cticas profesionales. \u201cSe forman<br \/>\nadecuadamente  para incorporarse al mercado laboral y empresarial\u201d. <\/p>\n<p>En el evento<br \/>\ntambi\u00e9n se hizo entrega de las cartas de finalizaci\u00f3n a 100 j\u00f3venes que<br \/>\nconcluyeron este per\u00edodo de su educaci\u00f3n. <\/p>\n<p>El acuerdo<br \/>\nfue signado por los delegados de la Segob, Rub\u00e9n Valdez Ceh, y de la SEP,<br \/>\nWilberth Chi G\u00f3ngora, as\u00ed como por la directora de la Japey, Berta Rosado<br \/>\nRodr\u00edguez.<\/p><\/p>\n","protected":false},"excerpt":{"rendered":"<p>Ahora, el servicio social brindar\u00e1 una experiencia de mayor provecho para los estudiantes, pues podr\u00e1n efectuarlo en organismos civiles o dependencias<\/p>\n","protected":false},"author":1018,"featured_media":0,"comment_status":"open","ping_status":"open","sticky":false,"template":"","format":"standard","meta":{"tdm_status":"","tdm_grid_status":"","footnotes":""},"categories":[21],"tags":[],"_links":{"self":[{"href":"https:\/\/dralvarez.com.mx\/larevista\/wp-json\/wp\/v2\/posts\/57164"}],"collection":[{"href":"https:\/\/dralvarez.com.mx\/larevista\/wp-json\/wp\/v2\/posts"}],"about":[{"href":"https:\/\/dralvarez.com.mx\/larevista\/wp-json\/wp\/v2\/types\/post"}],"author":[{"embeddable":true,"href":"https:\/\/dralvarez.com.mx\/larevista\/wp-json\/wp\/v2\/users\/1018"}],"replies":[{"embeddable":true,"href":"https:\/\/dralvarez.com.mx\/larevista\/wp-json\/wp\/v2\/comments?post=57164"}],"version-history":[{"count":0,"href":"https:\/\/dralvarez.com.mx\/larevista\/wp-json\/wp\/v2\/posts\/57164\/revisions"}],"wp:attachment":[{"href":"https:\/\/dralvarez.com.mx\/larevista\/wp-json\/wp\/v2\/media?parent=57164"}],"wp:term":[{"taxonomy":"category","embeddable":true,"href":"https:\/\/dralvarez.com.mx\/larevista\/wp-json\/wp\/v2\/categories?post=57164"},{"taxonomy":"post_tag","embeddable":true,"href":"https:\/\/dralvarez.com.mx\/larevista\/wp-json\/wp\/v2\/tags?post=57164"}],"curies":[{"name":"wp","href":"https:\/\/api.w.org\/{rel}","templated":true}]}}