{"id":57163,"date":"2017-08-30T00:00:00","date_gmt":"2017-08-30T06:00:00","guid":{"rendered":"https:\/\/dralvarez.com.mx\/larevista\/blog\/canaco-merida-se-suma-al-esfuerzo-de-mujeres-emprendedoras-16712"},"modified":"2017-08-30T00:00:00","modified_gmt":"2017-08-30T06:00:00","slug":"canaco-merida-se-suma-al-esfuerzo-de-mujeres-emprendedoras-16712","status":"publish","type":"post","link":"https:\/\/dralvarez.com.mx\/larevista\/yucatan\/canaco-merida-se-suma-al-esfuerzo-de-mujeres-emprendedoras-16712","title":{"rendered":"CANACO M\u00e9rida se suma al esfuerzo de mujeres emprendedoras"},"content":{"rendered":"<\/p>\n<p><b>M\u00e9rida,<br \/>\nYucat\u00e1n, 30 de agosto de 2017.-<\/b>&nbsp;La<br \/>\nC\u00e1mara Nacional de Comercio, Servicios y Turismo de M\u00e9rida (CANACO) se sum\u00f3 al<br \/>\nesfuerzo que realizan las mujeres yucatecas que buscan emprender o crecer en su<br \/>\nnegocio, brind\u00e1ndoles la oportunidad de participar en el taller de capacitaci\u00f3n<br \/>\na trav\u00e9s del programa \u201cMujeres moviendo M\u00e9xico, que es una red de centros de<br \/>\ndesarrollo empresarial impulsado por el IPIEMH y el IYEM<\/p>\n<p>Al clausurar<br \/>\nel curso de capacitaci\u00f3n en que participan 30 mujeres de diferentes edades y<br \/>\ncon negocios de diferentes giros, el presidente de la CANACO M\u00e9rida, Juan Jos\u00e9<br \/>\nAbraham Daguer resalt\u00f3 la importancia que tiene en el mundo de los negocios el<br \/>\nintercambio de experiencias y el apoyo mutuo que se puedan dar.<\/p>\n<p>Para crecer<br \/>\nun negocio es importante apostarle siempre a la capacitaci\u00f3n para adquirir<br \/>\nnuevos conocimientos y mejorar lo que se hace todos los d\u00edas.<\/p>\n<p>El l\u00edder<br \/>\nempresarial las invit\u00f3 a hacer negocios entre ellas para fortalecer las cadenas<br \/>\nde valor e impulsar el crecimiento en red y propiciar una cadena de consumo<br \/>\ninterno donde la derrama beneficie a cada una de ellas.<\/p>\n<p>Tambi\u00e9n, las<br \/>\ninvit\u00f3 a mantenerse en contacto constante para intercambiar experiencias y<br \/>\ndarse \u00e1nimos, pues en ocasiones al tener un negocio hay momentos en que uno<br \/>\nquisiera tirar la toalla, y en ese momento los consejos que te puedan dar son<br \/>\nlos m\u00e1s valiosos, pues ayudan a tener una visi\u00f3n diferente del problema que se<br \/>\natraviesa.<\/p>\n<p>Abraham<br \/>\nDaguer explic\u00f3 que durante el periodo junio a agosto, treinta emprendedoras<br \/>\ncursaron 60 horas de capacitaci\u00f3n donde vieron temas sobre iniciativa personal,<br \/>\ndesarrollo de habilidades empresariales y herramientas digitales.<\/p>\n<p>Adem\u00e1s, en<br \/>\nel \u00faltimo d\u00eda presentaron sus planes de negocio.<\/p>\n<p>Sobre el<br \/>\nprograma la gerente del Centro MMM en Yucat\u00e1n, Nayelli Hern\u00e1ndez Crespo, precis\u00f3<br \/>\nque Mujeres Moviendo M\u00e9xico es una red de centros de desarrollo empresarial del<br \/>\nINADEM y en lo local es impulsado por el IPIEMH y el IYEM que ofrece acceso a<br \/>\ncapacitaciones, informaci\u00f3n, asesor\u00edas y servicios empresariales a mujeres<br \/>\nemprendedoras a trav\u00e9s del programa.<\/p>\n<p>Indic\u00f3 que,<br \/>\nen las 60 horas de capacitaci\u00f3n, las 30 mujeres emprendedoras se capacitaron en<br \/>\nIniciativa Personal, donde conocieron lo que es la determinaci\u00f3n, desempe\u00f1o<br \/>\nlaboral, innovaci\u00f3n, motivaci\u00f3n intr\u00ednseca y autoeficacia.<\/p>\n<p>De igual forma<br \/>\nse les brind\u00f3 informaci\u00f3n sobre el Desarrollo de Habilidades Empresariales, que<br \/>\nincluy\u00f3 subtemas como costos, precios, mercadotecnia, producci\u00f3n y<br \/>\norganizaci\u00f3n, aspectos legales y fiscales, estrategias de ventas y plan de<br \/>\nnegocios.<\/p><\/p>\n","protected":false},"excerpt":{"rendered":"<p>Fue sede del taller de capacitaci\u00f3n a trav\u00e9s del programa \u201cMujeres moviendo M\u00e9xico.<br \/>\n30 mujeres emprendedoras cursaron 60 horas de capacitaci\u00f3n.<\/p>\n","protected":false},"author":1018,"featured_media":0,"comment_status":"open","ping_status":"open","sticky":false,"template":"","format":"standard","meta":{"tdm_status":"","tdm_grid_status":"","footnotes":""},"categories":[21],"tags":[],"_links":{"self":[{"href":"https:\/\/dralvarez.com.mx\/larevista\/wp-json\/wp\/v2\/posts\/57163"}],"collection":[{"href":"https:\/\/dralvarez.com.mx\/larevista\/wp-json\/wp\/v2\/posts"}],"about":[{"href":"https:\/\/dralvarez.com.mx\/larevista\/wp-json\/wp\/v2\/types\/post"}],"author":[{"embeddable":true,"href":"https:\/\/dralvarez.com.mx\/larevista\/wp-json\/wp\/v2\/users\/1018"}],"replies":[{"embeddable":true,"href":"https:\/\/dralvarez.com.mx\/larevista\/wp-json\/wp\/v2\/comments?post=57163"}],"version-history":[{"count":0,"href":"https:\/\/dralvarez.com.mx\/larevista\/wp-json\/wp\/v2\/posts\/57163\/revisions"}],"wp:attachment":[{"href":"https:\/\/dralvarez.com.mx\/larevista\/wp-json\/wp\/v2\/media?parent=57163"}],"wp:term":[{"taxonomy":"category","embeddable":true,"href":"https:\/\/dralvarez.com.mx\/larevista\/wp-json\/wp\/v2\/categories?post=57163"},{"taxonomy":"post_tag","embeddable":true,"href":"https:\/\/dralvarez.com.mx\/larevista\/wp-json\/wp\/v2\/tags?post=57163"}],"curies":[{"name":"wp","href":"https:\/\/api.w.org\/{rel}","templated":true}]}}