{"id":57162,"date":"2017-08-30T00:00:00","date_gmt":"2017-08-30T06:00:00","guid":{"rendered":"https:\/\/dralvarez.com.mx\/larevista\/blog\/mejor-audicion-y-acceso-a-oportunidades-para-mas-yucatecos-16711"},"modified":"2017-08-30T00:00:00","modified_gmt":"2017-08-30T06:00:00","slug":"mejor-audicion-y-acceso-a-oportunidades-para-mas-yucatecos-16711","status":"publish","type":"post","link":"https:\/\/dralvarez.com.mx\/larevista\/yucatan\/mejor-audicion-y-acceso-a-oportunidades-para-mas-yucatecos-16711","title":{"rendered":"Mejor audici\u00f3n y acceso a oportunidades para m\u00e1s yucatecos"},"content":{"rendered":"<p>M\u00e9rida, Yucat\u00e1n, 30 de agosto de 2017.- M\u00e1s de 500 personas con discapacidad auditiva, provenientes de 68 municipios de la entidad, podr\u00e1n acceder a mejores oportunidades al recibir mil auxiliares auditivos que don\u00f3 la fundaci\u00f3n Starkey Hearing, lo que represent\u00f3 una inversi\u00f3n de un mill\u00f3n 397 mil pesos. <\/p>\n<p>En el Centro de Convenciones Yucat\u00e1n Siglo XXI, la Presidenta del Sistema para el Desarrollo Integral de la Familia (DIF) estatal, Sarita Blancarte de Zapata, atestigu\u00f3 que el fundador de la organizaci\u00f3n internacional, William F. Austin, le colocara su dispositivo a Amalio del Socorro Huchim, de 75 a\u00f1os de edad y originario de Bokob\u00e1. <\/p>\n<p>Tras un recorrido por los diversos m\u00f3dulos, donde se ofrecieron servicios de otoscopia y limpieza, as\u00ed como capacitaci\u00f3n en el cuidado y uso de los aparatos, el director General del DIF estatal, Jos\u00e9 Limber Sosa Lara, inform\u00f3 que en menos de un a\u00f1o Yucat\u00e1n ha recibido de dicha agrupaci\u00f3n m\u00e1s de dos mil auxiliares auditivos y diademas \u00f3seas para mejorar la calidad de vida de los yucatecos. <\/p>\n<p>&#8220;La diferencia que puede hacer un auxiliar auditivo es asegurarle a quien padece esta condici\u00f3n, inclusi\u00f3n, inclusi\u00f3n que puede comenzar con la educaci\u00f3n, con la vida cotidiana, inclusi\u00f3n que los ponga en igualdad de oportunidades. Y en ese sentido, hemos efectuado esfuerzos puntuales al interior del estado para detectar la condici\u00f3n a trav\u00e9s de audiometr\u00edas&#8221;, indic\u00f3 acompa\u00f1ado de autoridades de los DIF municipales. <\/p>\n<p>El funcionario explic\u00f3 que al inicio de esta gran cruzada que emprendi\u00f3 el fundador de Starkey para cumplir el lema de la empresa que es &#8220;Para que el mundo pueda o\u00edr&#8221;, se propuso entregar en 10 a\u00f1os un mill\u00f3n de estos aparatos, y anticipadamente ya otorg\u00f3 m\u00e1s de dos millones de dispositivos entre los que se encuentran los recibidos en Yucat\u00e1n. <\/p>\n<p>Por su parte, William F. Austin agradeci\u00f3 la colaboraci\u00f3n del Gobierno del Estado y del DIF estatal para hacer cumplir la meta de ayudar a las familias que as\u00ed lo requieren, pues son quienes detectan la problem\u00e1tica en las comunidades y elaboran los expedientes para el tr\u00e1mite. <\/p>\n","protected":false},"excerpt":{"rendered":"<p>Dona Fundaci\u00f3n Starkey Hearing mil auxiliares auditivos para una cifra superior a las 500 personas.<\/p>\n","protected":false},"author":1018,"featured_media":0,"comment_status":"open","ping_status":"open","sticky":false,"template":"","format":"standard","meta":{"tdm_status":"","tdm_grid_status":"","footnotes":""},"categories":[21],"tags":[],"_links":{"self":[{"href":"https:\/\/dralvarez.com.mx\/larevista\/wp-json\/wp\/v2\/posts\/57162"}],"collection":[{"href":"https:\/\/dralvarez.com.mx\/larevista\/wp-json\/wp\/v2\/posts"}],"about":[{"href":"https:\/\/dralvarez.com.mx\/larevista\/wp-json\/wp\/v2\/types\/post"}],"author":[{"embeddable":true,"href":"https:\/\/dralvarez.com.mx\/larevista\/wp-json\/wp\/v2\/users\/1018"}],"replies":[{"embeddable":true,"href":"https:\/\/dralvarez.com.mx\/larevista\/wp-json\/wp\/v2\/comments?post=57162"}],"version-history":[{"count":0,"href":"https:\/\/dralvarez.com.mx\/larevista\/wp-json\/wp\/v2\/posts\/57162\/revisions"}],"wp:attachment":[{"href":"https:\/\/dralvarez.com.mx\/larevista\/wp-json\/wp\/v2\/media?parent=57162"}],"wp:term":[{"taxonomy":"category","embeddable":true,"href":"https:\/\/dralvarez.com.mx\/larevista\/wp-json\/wp\/v2\/categories?post=57162"},{"taxonomy":"post_tag","embeddable":true,"href":"https:\/\/dralvarez.com.mx\/larevista\/wp-json\/wp\/v2\/tags?post=57162"}],"curies":[{"name":"wp","href":"https:\/\/api.w.org\/{rel}","templated":true}]}}