{"id":57159,"date":"2017-08-30T00:00:00","date_gmt":"2017-08-30T06:00:00","guid":{"rendered":"https:\/\/dralvarez.com.mx\/larevista\/blog\/realiza-conalep-exitoso-encuentro-con-padres-en-juan-pablo-ii-16708"},"modified":"2017-08-30T00:00:00","modified_gmt":"2017-08-30T06:00:00","slug":"realiza-conalep-exitoso-encuentro-con-padres-en-juan-pablo-ii-16708","status":"publish","type":"post","link":"https:\/\/dralvarez.com.mx\/larevista\/yucatan\/realiza-conalep-exitoso-encuentro-con-padres-en-juan-pablo-ii-16708","title":{"rendered":"Realiza CONALEP exitoso encuentro con padres en Juan Pablo II"},"content":{"rendered":"<\/p>\n<div>M\u00e9rida, Yucat\u00e1n, 30 de agosto del 2017.- Como parte de su compromiso con la sociedad, el Colegio Nacional de Educaci\u00f3n Profesional T\u00e9cnica (Conalep) realiz\u00f3 con \u00e9xito el primer encuentro \u201cJuntos es mejor, di\u00e1logos Conalep\u201d, en la colonia Juan Pablo II. <\/div>\n<div><\/div>\n<div>El director de la casa de estudios, Jorge Sobrino Arg\u00e1ez, destac\u00f3 la participaci\u00f3n de m\u00e1s de 250 padres de familia, quienes asistieron al parque \u201cEl Papa\u201d de la mencionada colonia para mantener una amena charla con \u00e9l y adem\u00e1s recibieron pl\u00e1ticas con orientadores y psic\u00f3logos. <\/div>\n<div><\/div>\n<div>\u201cLa participaci\u00f3n de los progenitores en la educaci\u00f3n es fundamental en la formaci\u00f3n de los estudiantes y en el reforzamiento del tejido social en nuestra comunidad. Hoy el Conalep llega a sus colonias, a sus casas, llega a ustedes\u201d, asegur\u00f3 el director. <\/div>\n<div><\/div>\n<div>El  proyecto tiene como objetivo ser un foro en los espacios p\u00fablicos cercanos a los hogares de los alumnos &nbsp;para charlar con los padres de familia sobre temas como adicciones, violencia de g\u00e9nero, bullying, suicidio, pandillerismo, etc\u00e9tera. <\/div>\n<div><\/div>\n<div>\u201cFortalecer la relaci\u00f3n entre padres e hijos es fortalecer nuestras familias, nuestro tejido social, nuestra ciudad y estado. Hagamos con ellos espacios de di\u00e1logo \u00a1juntos es mejor!\u201d, expres\u00f3 Sobrino Arg\u00e1ez. <\/div>\n<div><\/div>\n<div>Por \u00faltimo, se realiz\u00f3 una ronda de preguntas por parte de los asistentes al evento, quienes entre otras cosas, destacaron la importancia de la creaci\u00f3n de \u00e1reas para un mejor entendimiento entre padres, hijos y personal del Conalep. <\/div>\n<div><\/div>\n<div>En el evento estuvo personal docente, as\u00ed como los directores de los tres planteles del Colegio en la ciudad, quienes resolvieron dudas y brindaron soluciones a los involucrados.<\/div><\/p>\n","protected":false},"excerpt":{"rendered":"<p>Como parte de su compromiso con la sociedad, el Colegio Nacional de Educaci\u00f3n Profesional T\u00e9cnica (Conalep) realiz\u00f3 con \u00e9xito el primer encuentro \u201cJun<\/p>\n","protected":false},"author":1018,"featured_media":0,"comment_status":"open","ping_status":"open","sticky":false,"template":"","format":"standard","meta":{"tdm_status":"","tdm_grid_status":"","footnotes":""},"categories":[21],"tags":[],"_links":{"self":[{"href":"https:\/\/dralvarez.com.mx\/larevista\/wp-json\/wp\/v2\/posts\/57159"}],"collection":[{"href":"https:\/\/dralvarez.com.mx\/larevista\/wp-json\/wp\/v2\/posts"}],"about":[{"href":"https:\/\/dralvarez.com.mx\/larevista\/wp-json\/wp\/v2\/types\/post"}],"author":[{"embeddable":true,"href":"https:\/\/dralvarez.com.mx\/larevista\/wp-json\/wp\/v2\/users\/1018"}],"replies":[{"embeddable":true,"href":"https:\/\/dralvarez.com.mx\/larevista\/wp-json\/wp\/v2\/comments?post=57159"}],"version-history":[{"count":0,"href":"https:\/\/dralvarez.com.mx\/larevista\/wp-json\/wp\/v2\/posts\/57159\/revisions"}],"wp:attachment":[{"href":"https:\/\/dralvarez.com.mx\/larevista\/wp-json\/wp\/v2\/media?parent=57159"}],"wp:term":[{"taxonomy":"category","embeddable":true,"href":"https:\/\/dralvarez.com.mx\/larevista\/wp-json\/wp\/v2\/categories?post=57159"},{"taxonomy":"post_tag","embeddable":true,"href":"https:\/\/dralvarez.com.mx\/larevista\/wp-json\/wp\/v2\/tags?post=57159"}],"curies":[{"name":"wp","href":"https:\/\/api.w.org\/{rel}","templated":true}]}}