{"id":57155,"date":"2017-08-30T00:00:00","date_gmt":"2017-08-30T06:00:00","guid":{"rendered":"https:\/\/dralvarez.com.mx\/larevista\/blog\/importante-catedratico-penalista-presentara-su-libro-en-el-tribunal-superior-de-justicia-16704"},"modified":"2017-08-30T00:00:00","modified_gmt":"2017-08-30T06:00:00","slug":"importante-catedratico-penalista-presentara-su-libro-en-el-tribunal-superior-de-justicia-16704","status":"publish","type":"post","link":"https:\/\/dralvarez.com.mx\/larevista\/yucatan\/importante-catedratico-penalista-presentara-su-libro-en-el-tribunal-superior-de-justicia-16704","title":{"rendered":"Importante catedr\u00e1tico penalista presentar\u00e1 su libro en el Tribunal Superior de Justicia"},"content":{"rendered":"<p>El Poder Judicial presentar\u00e1 el libro \u201cDerecho Penal parte General\u201d del doctor en derecho Miguel Ontiveros Alonso, el pr\u00f3ximo viernes 1 de septiembre a las 13:00 horas en el auditorio del Tribunal Superior de Justicia de esta ciudad de M\u00e9rida.<\/p>\n<p>La presentaci\u00f3n del libro estar\u00e1 a cargo del Magistrado Presidente del Tribunal Superior de Justicia y del Consejo de la Judicatura el doctor Marcos Alejandro Celis Quintal, tambi\u00e9n del Magistrado Presidente de la Sala Colegiada Penal del Tribunal Superior de Justicia el doctor Luis Felipe Esper\u00f3n Villanueva y del Secretario de estudio y cuenta de la Sala Colegiada Penal el maestro en derecho Jos\u00e9 Christian P\u00e9rez Flores.<\/p>\n<p>En la ceremonia que se celebrar\u00e1 contar\u00e1 con la presencia del autor del libro quien responder\u00e1 a las dudas que tengas los presentes y estar\u00e1 firmando aut\u00f3grafos al t\u00e9rmino de la misma. Cabe mencionar que la invitaci\u00f3n es abierta a todo el p\u00fablico.<\/p>\n<p>Ontiveros Alonso es doctor en derecho penal y en derechos humanos por la Universidad de Salamanca, Espa\u00f1a. Tambi\u00e9n ha sido consultor de la UNICEF, de la ONU y del Gobierno de Honduras en materia de reforma penal, as\u00ed com investigador y director de investigaci\u00f3n en el Instituto Nacional de Ciencias Penales.<\/p>\n<p>Tambi\u00e9n fungi\u00f3 como subprocurador de Derechos Humanos, Atenci\u00f3n a V\u00edctimas y Servicios a la comunidad de la Procuradur\u00eda General de la Rep\u00fablica y es miembro de la acedemia mexicana de ciencias penales.<\/p>\n","protected":false},"excerpt":{"rendered":"<p>El Poder Judicial presentar\u00e1 el libro \u201cDerecho Penal parte General\u201d del doctor en derecho Miguel Ontiveros Alonso, el pr\u00f3ximo viernes 1 de septiembre<\/p>\n","protected":false},"author":1018,"featured_media":0,"comment_status":"open","ping_status":"open","sticky":false,"template":"","format":"standard","meta":{"tdm_status":"","tdm_grid_status":"","footnotes":""},"categories":[21],"tags":[],"_links":{"self":[{"href":"https:\/\/dralvarez.com.mx\/larevista\/wp-json\/wp\/v2\/posts\/57155"}],"collection":[{"href":"https:\/\/dralvarez.com.mx\/larevista\/wp-json\/wp\/v2\/posts"}],"about":[{"href":"https:\/\/dralvarez.com.mx\/larevista\/wp-json\/wp\/v2\/types\/post"}],"author":[{"embeddable":true,"href":"https:\/\/dralvarez.com.mx\/larevista\/wp-json\/wp\/v2\/users\/1018"}],"replies":[{"embeddable":true,"href":"https:\/\/dralvarez.com.mx\/larevista\/wp-json\/wp\/v2\/comments?post=57155"}],"version-history":[{"count":0,"href":"https:\/\/dralvarez.com.mx\/larevista\/wp-json\/wp\/v2\/posts\/57155\/revisions"}],"wp:attachment":[{"href":"https:\/\/dralvarez.com.mx\/larevista\/wp-json\/wp\/v2\/media?parent=57155"}],"wp:term":[{"taxonomy":"category","embeddable":true,"href":"https:\/\/dralvarez.com.mx\/larevista\/wp-json\/wp\/v2\/categories?post=57155"},{"taxonomy":"post_tag","embeddable":true,"href":"https:\/\/dralvarez.com.mx\/larevista\/wp-json\/wp\/v2\/tags?post=57155"}],"curies":[{"name":"wp","href":"https:\/\/api.w.org\/{rel}","templated":true}]}}