{"id":57152,"date":"2017-08-30T00:00:00","date_gmt":"2017-08-30T06:00:00","guid":{"rendered":"https:\/\/dralvarez.com.mx\/larevista\/blog\/estudiantes-de-peto-reciben-paquetes-de-bienestar-escolar-16701"},"modified":"2017-08-30T00:00:00","modified_gmt":"2017-08-30T06:00:00","slug":"estudiantes-de-peto-reciben-paquetes-de-bienestar-escolar-16701","status":"publish","type":"post","link":"https:\/\/dralvarez.com.mx\/larevista\/yucatan\/estudiantes-de-peto-reciben-paquetes-de-bienestar-escolar-16701","title":{"rendered":"Estudiantes de Peto reciben paquetes de Bienestar Escolar"},"content":{"rendered":"<p>Peto, Yucat\u00e1n, 29 de agosto de 2017.- En la medida que los habitantes de un pa\u00eds trabajan por la educaci\u00f3n de sus ni\u00f1as y ni\u00f1os demuestran el cari\u00f1o que le tienen a su naci\u00f3n, expres\u00f3 Frida Moreno Flota, quien cursa el sexto grado en la primaria \u201cBenito Ju\u00e1rez Garc\u00eda\u201d de Peto, donde este d\u00eda se distribuyeron paquetes del programa Bienestar Escolar.<\/p>\n<p>\u201cDebemos hacer un compromiso de aprovechar el apoyo que se nos da, estudiando y ech\u00e1ndole muchas ganas a cada d\u00eda de este nuevo ciclo 2017-2018, para poder ser mejores alumnos y, en el futuro, mejores personas\u201d, agreg\u00f3.<\/p>\n<p>En representaci\u00f3n del Gobernador Rolando Zapata Bello, el titular de la Secretar\u00eda del Trabajo y Previsi\u00f3n Social del Estado (STPS), Enrique castillo Ruz, entreg\u00f3 \u00fatiles, mochilas, pares de zapatos y camisas de uniforme como parte de dicha estrategia, que respalda la econom\u00eda familiar y genera condiciones de igualdad en las escuelas de educaci\u00f3n b\u00e1sica de la entidad.<\/p>\n<p>Como parte del compromiso gubernamental n\u00famero 141, este a\u00f1o se distribuir\u00e1 m\u00e1s de 278 mil paquetes en plantes de primaria y secundaria, en todo lo largo y ancho del territorio estatal.<\/p>\n<p>Presente en el evento, el alcalde Jaime Hern\u00e1ndez Santos resalt\u00f3 el beneficio que tambi\u00e9n significa para los productores locales, ya que se busca que aqu\u00ed se realicen el calzado, las camisas y las mochilas. Asimismo, aconsej\u00f3 a los beneficiarios darle buen uso a lo que recibieron.<\/p>\n<p>Finalmente, el subdirector del plantel, Francisco Qui\u00f1ones Sol\u00eds, reconoci\u00f3 el esfuerzo del Gobierno del Estado al implementar este tipo de programas, que permiten que las y los estudiantes cuenten con lo necesarios para aprovechar su formaci\u00f3n.<\/p>\n","protected":false},"excerpt":{"rendered":"<p>Los beneficios est\u00e1n llegando en tiempo y forma.<\/p>\n","protected":false},"author":1018,"featured_media":0,"comment_status":"open","ping_status":"open","sticky":false,"template":"","format":"standard","meta":{"tdm_status":"","tdm_grid_status":"","footnotes":""},"categories":[21],"tags":[],"_links":{"self":[{"href":"https:\/\/dralvarez.com.mx\/larevista\/wp-json\/wp\/v2\/posts\/57152"}],"collection":[{"href":"https:\/\/dralvarez.com.mx\/larevista\/wp-json\/wp\/v2\/posts"}],"about":[{"href":"https:\/\/dralvarez.com.mx\/larevista\/wp-json\/wp\/v2\/types\/post"}],"author":[{"embeddable":true,"href":"https:\/\/dralvarez.com.mx\/larevista\/wp-json\/wp\/v2\/users\/1018"}],"replies":[{"embeddable":true,"href":"https:\/\/dralvarez.com.mx\/larevista\/wp-json\/wp\/v2\/comments?post=57152"}],"version-history":[{"count":0,"href":"https:\/\/dralvarez.com.mx\/larevista\/wp-json\/wp\/v2\/posts\/57152\/revisions"}],"wp:attachment":[{"href":"https:\/\/dralvarez.com.mx\/larevista\/wp-json\/wp\/v2\/media?parent=57152"}],"wp:term":[{"taxonomy":"category","embeddable":true,"href":"https:\/\/dralvarez.com.mx\/larevista\/wp-json\/wp\/v2\/categories?post=57152"},{"taxonomy":"post_tag","embeddable":true,"href":"https:\/\/dralvarez.com.mx\/larevista\/wp-json\/wp\/v2\/tags?post=57152"}],"curies":[{"name":"wp","href":"https:\/\/api.w.org\/{rel}","templated":true}]}}