{"id":57150,"date":"2017-08-30T00:00:00","date_gmt":"2017-08-30T06:00:00","guid":{"rendered":"https:\/\/dralvarez.com.mx\/larevista\/blog\/comites-de-policia-vecinal-complementan-la-labor-de-los-policias-roberto-rodriguez-asaf-16699"},"modified":"2017-08-30T00:00:00","modified_gmt":"2017-08-30T06:00:00","slug":"comites-de-policia-vecinal-complementan-la-labor-de-los-policias-roberto-rodriguez-asaf-16699","status":"publish","type":"post","link":"https:\/\/dralvarez.com.mx\/larevista\/yucatan\/comites-de-policia-vecinal-complementan-la-labor-de-los-policias-roberto-rodriguez-asaf-16699","title":{"rendered":"Comit\u00e9s de Polic\u00eda Vecinal complementan la labor de los polic\u00edas: Roberto Rodr\u00edguez Asaf"},"content":{"rendered":"<\/p>\n<p>El Secretario General de Gobierno del estado,<br \/>\nRoberto Rodr\u00edguez Asaf, expuso que la importancia de los Comit\u00e9s de Polic\u00eda<br \/>\nVecinal (CPV) es que con esa figura, los vecinos organizados \u201ccomplementan la<br \/>\nlabor de los polic\u00edas al promover acciones de prevenci\u00f3n\u201d.<\/p>\n<p>En el gobierno estatal, dijo, \u201cnos queda claro que cada elemento<br \/>\nde la cadena sociedad-autoridad tiene su rol en este gran trabajo cotidiano que<br \/>\nes la seguridad p\u00fablica. A nosotros como autoridad, que incluye al gobierno en<br \/>\nsus tres niveles, nos tocan las obligaciones que por ley debemos realizar en la<br \/>\npersecuci\u00f3n y castigo del delito; a los ciudadanos corresponde comportarse<br \/>\ndentro de la ley y hacer comunidad y buena vecindad que definitivamente<br \/>\nfortalece la prevenci\u00f3n\u201d.<\/p>\n<p>\u201cLa primera duda que surje cuando se integra un CPV es si se<br \/>\nsustituye a los polic\u00edas, pero es claro que no, y por el contrario: los vecinos<br \/>\norganizados respaldan el trabajo de su polic\u00eda, refuerzan la vigilancia con sus<br \/>\nreportes y adem\u00e1s constituyen un gran eslab\u00f3n en la cadena social porque<br \/>\ndetectan carencias o necesidades de su rumbo, las notifican y toca a nosotros<br \/>\ncomo autoridad responder a esa solicitud de forma r\u00e1pida y directa\u201d, explic\u00f3.<\/p>\n<p>Rodr\u00edguez Asaf destac\u00f3 la importancia de \u201cir creciendo como<br \/>\nsociedad al darle mayor participaci\u00f3n a la gente en las acciones que les<br \/>\nimpactan, y una de ellas es definitivamente la seguridad p\u00fablica\u201d.<\/p>\n<p>\u201cClaro que no se trata de que los vecinos sean una especie de<br \/>\nguardias o polic\u00edas, sino que la propia autoridad les apoye en las tareas de<br \/>\nprevenci\u00f3n, que se les dote de la informaci\u00f3n y de la v\u00eda de comunicaci\u00f3n<br \/>\ndirecta. Sobre todo, se trata de que hagamos sinergia y todos cumplamos con lo<br \/>\nque nos corresponde\u201d, se\u00f1al\u00f3.<\/p>\n<p>Inform\u00f3 que son actualmente 1,700 CPV los que existen<br \/>\nactualmente en M\u00e9rida, y 300 en los municipios, \u201cy es una buena cifra pero<br \/>\nqueremos seguir avanzando, integrando cada vez a m\u00e1s vecinos en este gran<br \/>\nesfuerzo, porque mientras m\u00e1s gente est\u00e9 participando, m\u00e1s se promueve la<br \/>\nprevenci\u00f3n del delito y la buena ciudadan\u00eda\u201d. &nbsp;<\/p>\n<p>&nbsp;\u201cMediante los CPV, los ciudadanos nos mantienen informados<br \/>\nacerca de las necesidades espec\u00edficas de cada barrio, colonia, fraccionamiento<br \/>\no municipio incluso. Y eso definitivamente hace m\u00e1s inmediata la respuesta pero<br \/>\nsobre todo nos permite conocer la realidad, algo que es crucial en la tarea de<br \/>\nlas autoridades\u201d, subray\u00f3.<\/p>\n<p>\u201cM\u00e1s ciudadanos<br \/>\norganizados, m\u00e1s participaci\u00f3n y m\u00e1s sinergia entre sociedad y gobierno<br \/>\nredundan en un Yucat\u00e1n m\u00e1s din\u00e1mico, arm\u00f3nico y sobre todo seguro\u201d, concluy\u00f3.&nbsp;<\/p>\n","protected":false},"excerpt":{"rendered":"<p>Subraya el secretario general de Gobierno que la participaci\u00f3n ciudadana fortalece el sentido de comunidad y respalda el trabajo de los cuerpos polici<\/p>\n","protected":false},"author":1018,"featured_media":0,"comment_status":"open","ping_status":"open","sticky":false,"template":"","format":"standard","meta":{"tdm_status":"","tdm_grid_status":"","footnotes":""},"categories":[21],"tags":[],"_links":{"self":[{"href":"https:\/\/dralvarez.com.mx\/larevista\/wp-json\/wp\/v2\/posts\/57150"}],"collection":[{"href":"https:\/\/dralvarez.com.mx\/larevista\/wp-json\/wp\/v2\/posts"}],"about":[{"href":"https:\/\/dralvarez.com.mx\/larevista\/wp-json\/wp\/v2\/types\/post"}],"author":[{"embeddable":true,"href":"https:\/\/dralvarez.com.mx\/larevista\/wp-json\/wp\/v2\/users\/1018"}],"replies":[{"embeddable":true,"href":"https:\/\/dralvarez.com.mx\/larevista\/wp-json\/wp\/v2\/comments?post=57150"}],"version-history":[{"count":0,"href":"https:\/\/dralvarez.com.mx\/larevista\/wp-json\/wp\/v2\/posts\/57150\/revisions"}],"wp:attachment":[{"href":"https:\/\/dralvarez.com.mx\/larevista\/wp-json\/wp\/v2\/media?parent=57150"}],"wp:term":[{"taxonomy":"category","embeddable":true,"href":"https:\/\/dralvarez.com.mx\/larevista\/wp-json\/wp\/v2\/categories?post=57150"},{"taxonomy":"post_tag","embeddable":true,"href":"https:\/\/dralvarez.com.mx\/larevista\/wp-json\/wp\/v2\/tags?post=57150"}],"curies":[{"name":"wp","href":"https:\/\/api.w.org\/{rel}","templated":true}]}}