{"id":57129,"date":"2017-08-29T00:00:00","date_gmt":"2017-08-29T06:00:00","guid":{"rendered":"https:\/\/dralvarez.com.mx\/larevista\/blog\/inaugura-karla-franco-primera-casa-del-adulto-mayor-16678"},"modified":"2017-08-29T00:00:00","modified_gmt":"2017-08-29T06:00:00","slug":"inaugura-karla-franco-primera-casa-del-adulto-mayor-16678","status":"publish","type":"post","link":"https:\/\/dralvarez.com.mx\/larevista\/yucatan\/inaugura-karla-franco-primera-casa-del-adulto-mayor-16678","title":{"rendered":"Inaugura Karla Franco primera casa del adulto mayor"},"content":{"rendered":"<\/p>\n<div>Con el fin de crear espacios de realizaci\u00f3n, con actividades culturales, talleres de manualidades y cursos de capacitaci\u00f3n, para que puedan concretar proyectos que les permitan sentirse plenos, la secretaria general de la Confederaci\u00f3n Nacional de Organizaciones Populares (CNOP) delegaci\u00f3n Yucat\u00e1n, Karla Franco Blanco, en coordinaci\u00f3n con el Movimiento Nacional de Pensionados, Jubilados y Adultos Mayores, inaugur\u00f3 la primera \u201cCasa del Adulto Mayor Cenopista\u201d .<\/div>\n<div><\/div>\n<div><\/div>\n<div>En este espacio, ubicado en la calle 49 x 80 y 82 del centro, m\u00e1s de 30 adultos mayores se beneficiar\u00e1n con la impartici\u00f3n de clases de terapia corporal con las cuales aprender\u00e1n t\u00e9cnicas de relajaci\u00f3n corporal para armonizar el cuerpo y la mente, a fin de calmar dolores o tensiones.<\/div>\n<div><\/div>\n<div>\u201cEn la CNOP a trav\u00e9s de nuestro Movimiento Adultos mayores y el Organismo Nacional de Mujeres, buscamos vincularles a espacios de realizaci\u00f3n, con actividades, talleres y cursos, para que a\u00fan en esta etapa de su vida, puedan concretar alg\u00fan proyecto que les permita sentirse plenos e importantes agentes de cambio de nuestra sociedad\u201d \u2013 manifest\u00f3 Karla Franco.<\/div>\n<div><\/div>\n<div><\/div>\n<div>Por su parte, Henry G\u00f3mez Rodr\u00edguez, secretario del Movimiento de Pensionados, Jubilados y Adultos Mayores, invito a los abuelitos a aprovechar el curso de terapia corporal, para as\u00ed aprender una actividad que contribuya a su salud, que los mantenga activos y con la que adem\u00e1s puedan generar ingresos extras, y agreg\u00f3 que pronto, en ese espacio, se estar\u00e1n inaugurando nuevos talleres dedicados especialmente para ellos.<\/div>\n<p><\/p>\n<\/p>\n<div>Durante el evento se realiz\u00f3 el corte del list\u00f3n y la instalaci\u00f3n oficial del distintivo de \u201cCasa del Adulto Mayor cenopista\u201d a la sede donde se impartir\u00e1n el curso que tendr\u00e1n una duraci\u00f3n de dos meses. As\u00ed mismo se realiz\u00f3 un convivio donde Franco Blanco, felicit\u00f3 a los presentes por el d\u00eda del abuelo y del adulto mayor, y los invit\u00f3 a continuar aportando toda su experiencia de vida con entusiasmo y dinamismo.<\/div>\n<div><\/div>\n<div><\/div>\n<div>\u201cLes hago una invitaci\u00f3n para afilarse con nosotros y para acercarse a exponernos sus proyectos y necesidades, les aseguro que cuentan con nuestro respaldo porque para nuestro partido, el Revolucionario Institucional, el apoyo a los adultos mayores es muy importante, tal como lo ha demostrado nuestro gobernador el Lic. Rolando Zapata Bello, quien con hechos fehacientes ha dado muestra de trabajo y buena voluntad con acciones que aseguran su bienestar. Hoy venimos a reconocerles como piezas importantes en nuestra sociedad\u201d \u2013 Finaliz\u00f3 la l\u00edder cenopista.<\/div><\/p>\n","protected":false},"excerpt":{"rendered":"<p>Con el fin de crear espacios de realizaci\u00f3n, con actividades culturales, talleres de manualidades y cursos de capacitaci\u00f3n, para que puedan concretar<\/p>\n","protected":false},"author":1018,"featured_media":0,"comment_status":"open","ping_status":"open","sticky":false,"template":"","format":"standard","meta":{"tdm_status":"","tdm_grid_status":"","footnotes":""},"categories":[21],"tags":[],"_links":{"self":[{"href":"https:\/\/dralvarez.com.mx\/larevista\/wp-json\/wp\/v2\/posts\/57129"}],"collection":[{"href":"https:\/\/dralvarez.com.mx\/larevista\/wp-json\/wp\/v2\/posts"}],"about":[{"href":"https:\/\/dralvarez.com.mx\/larevista\/wp-json\/wp\/v2\/types\/post"}],"author":[{"embeddable":true,"href":"https:\/\/dralvarez.com.mx\/larevista\/wp-json\/wp\/v2\/users\/1018"}],"replies":[{"embeddable":true,"href":"https:\/\/dralvarez.com.mx\/larevista\/wp-json\/wp\/v2\/comments?post=57129"}],"version-history":[{"count":0,"href":"https:\/\/dralvarez.com.mx\/larevista\/wp-json\/wp\/v2\/posts\/57129\/revisions"}],"wp:attachment":[{"href":"https:\/\/dralvarez.com.mx\/larevista\/wp-json\/wp\/v2\/media?parent=57129"}],"wp:term":[{"taxonomy":"category","embeddable":true,"href":"https:\/\/dralvarez.com.mx\/larevista\/wp-json\/wp\/v2\/categories?post=57129"},{"taxonomy":"post_tag","embeddable":true,"href":"https:\/\/dralvarez.com.mx\/larevista\/wp-json\/wp\/v2\/tags?post=57129"}],"curies":[{"name":"wp","href":"https:\/\/api.w.org\/{rel}","templated":true}]}}