{"id":57125,"date":"2017-08-29T00:00:00","date_gmt":"2017-08-29T06:00:00","guid":{"rendered":"https:\/\/dralvarez.com.mx\/larevista\/blog\/superar-los-12-anos-de-escolaridad-el-reto-en-yucatan-16674"},"modified":"2017-08-29T00:00:00","modified_gmt":"2017-08-29T06:00:00","slug":"superar-los-12-anos-de-escolaridad-el-reto-en-yucatan-16674","status":"publish","type":"post","link":"https:\/\/dralvarez.com.mx\/larevista\/yucatan\/superar-los-12-anos-de-escolaridad-el-reto-en-yucatan-16674","title":{"rendered":"Superar los 12 a\u00f1os de escolaridad, el reto en Yucat\u00e1n"},"content":{"rendered":"<\/p>\n<p>M\u00e9rida, Yucat\u00e1n, 29 de agosto de 2017.-<b>&nbsp;<\/b>Los docentes de Yucat\u00e1n tienen claro que la educaci\u00f3n es la mejor herramienta para generar oportunidades y, por eso, se trabaja en este ciclo para que los alumnos superen la frontera de los 12 a\u00f1os de escolaridad, dijo el titular de la Secretar\u00eda de Educaci\u00f3n del Gobierno del Estado (Segey), V\u00edctor Caballero Dur\u00e1n.<\/p>\n<div>\n<div>\n<p>Al dar la bienvenida a los profesores que cursar\u00e1n los Talleres de Actualizaci\u00f3n Pedag\u00f3gica en el Centro Universitario \u201cFelipe Carrillo Puerto\u201d, el funcionario puntualiz\u00f3 que en la sociedad hay tres columnas fundamentales que deben ser atendidas: seguridad, econom\u00eda y capital humano, siendo este \u00faltimo el que se forja en las aulas.<\/p>\n<\/div>\n<\/div>\n<p>\u201cEl capital humano se da a trav\u00e9s de la educaci\u00f3n y la buena nueva es que tenemos cobertura total; todos los ni\u00f1os yucatecos tienen d\u00f3nde estudiar su preescolar, primaria y secundaria, por lo que hemos reducido el abandono escolar en un n\u00famero importante, ya que un cinco por ciento nada m\u00e1s abandona la escuela en el nivel secundaria. Nuestro actual reto es elevar el promedio de educaci\u00f3n; hoy es de nueve a\u00f1os, pero aspiramos a que sean m\u00e1s\u201d, especific\u00f3.<\/p>\n<p>Asimismo, reiter\u00f3 a los 50 docentes de 11 carreras de dicho recinto que en sus manos est\u00e1 la construcci\u00f3n de un mejor futuro y, para comprobar el panorama actual del estado, tom\u00f3 en cuenta datos publicados por el \u00cdndice de Paz Global, donde se indica que Yucat\u00e1n es la entidad mexicana con la mayor percepci\u00f3n de seguridad.<\/p>\n<p>\u201cAqu\u00ed se registra la tasa m\u00e1s baja de homicidios, pues son 2.8 por cada 100 mil habitantes y, en promedio, en Am\u00e9rica Latina es de 20 por cada 100 mil; sin embargo, en pa\u00edses como Finlandia se registran tres homicidios por el mismo n\u00famero de poblaci\u00f3n, es decir, Yucat\u00e1n est\u00e1 a la altura de las condiciones de otros pa\u00edses\u201d, explic\u00f3.<\/p>\n<p>A\u00f1adi\u00f3 que este clima de seguridad ha permitido que la econom\u00eda crezca, ya que el Instituto Mexicano para la Competitividad (IMCO) advierte que la inversi\u00f3n extranjera es de 576 mil d\u00f3lares al d\u00eda, mientras que la generaci\u00f3n de empleos asciende a m\u00e1s de 50 mil desde 2012.<\/p>\n<p>Para finalizar, mencion\u00f3 que a partir de la presente semana, m\u00e1s de 527 mil estudiantes de los niveles b\u00e1sico y medio superior regresaron a clases, y son m\u00e1s de 20 mil docentes los que est\u00e1n en las aulas para forjar a futuros ciudadanos comprometidos con la estabilidad productiva de su territorio.<\/p><\/p>\n","protected":false},"excerpt":{"rendered":"<p>Los docentes de Yucat\u00e1n tienen claro que la educaci\u00f3n es la mejor herramienta para generar oportunidades y, por eso, se trabaja en este ciclo para que<\/p>\n","protected":false},"author":1018,"featured_media":0,"comment_status":"open","ping_status":"open","sticky":false,"template":"","format":"standard","meta":{"tdm_status":"","tdm_grid_status":"","footnotes":""},"categories":[21],"tags":[],"_links":{"self":[{"href":"https:\/\/dralvarez.com.mx\/larevista\/wp-json\/wp\/v2\/posts\/57125"}],"collection":[{"href":"https:\/\/dralvarez.com.mx\/larevista\/wp-json\/wp\/v2\/posts"}],"about":[{"href":"https:\/\/dralvarez.com.mx\/larevista\/wp-json\/wp\/v2\/types\/post"}],"author":[{"embeddable":true,"href":"https:\/\/dralvarez.com.mx\/larevista\/wp-json\/wp\/v2\/users\/1018"}],"replies":[{"embeddable":true,"href":"https:\/\/dralvarez.com.mx\/larevista\/wp-json\/wp\/v2\/comments?post=57125"}],"version-history":[{"count":0,"href":"https:\/\/dralvarez.com.mx\/larevista\/wp-json\/wp\/v2\/posts\/57125\/revisions"}],"wp:attachment":[{"href":"https:\/\/dralvarez.com.mx\/larevista\/wp-json\/wp\/v2\/media?parent=57125"}],"wp:term":[{"taxonomy":"category","embeddable":true,"href":"https:\/\/dralvarez.com.mx\/larevista\/wp-json\/wp\/v2\/categories?post=57125"},{"taxonomy":"post_tag","embeddable":true,"href":"https:\/\/dralvarez.com.mx\/larevista\/wp-json\/wp\/v2\/tags?post=57125"}],"curies":[{"name":"wp","href":"https:\/\/api.w.org\/{rel}","templated":true}]}}