{"id":57124,"date":"2017-08-29T00:00:00","date_gmt":"2017-08-29T06:00:00","guid":{"rendered":"https:\/\/dralvarez.com.mx\/larevista\/blog\/surtiran-libros-de-texto-faltantes-en-los-proximos-dias-16673"},"modified":"2017-08-29T00:00:00","modified_gmt":"2017-08-29T06:00:00","slug":"surtiran-libros-de-texto-faltantes-en-los-proximos-dias-16673","status":"publish","type":"post","link":"https:\/\/dralvarez.com.mx\/larevista\/yucatan\/surtiran-libros-de-texto-faltantes-en-los-proximos-dias-16673","title":{"rendered":"Surtir\u00e1n libros de texto faltantes en los pr\u00f3ximos d\u00edas"},"content":{"rendered":"<p>M\u00e9rida, Yucat\u00e1n; 29 de agosto de 2017 (ACOM).-  El titular de la Secretar\u00eda de Educaci\u00f3n del Gobierno del Estado de Yucat\u00e1n (Segey), V\u00edctor Caballero Dur\u00e1n, inform\u00f3 que para este ciclo escolar se construyeron 13 nuevas escuelas, entre las que sobresalen en los fraccionamientos Francisco de Montejo, Piedra de Agua, de M\u00e9rida y Um\u00e1n, respectivamente as\u00ed como en Valladolid y Chemax.<\/p>\n<p>Se\u00f1al\u00f3 que en otros 16 planteles hubo ampliaci\u00f3n y de \u00e9stos la mitad fueron en M\u00e9rida y la otra mitad fueron en otros municipios.<\/p>\n<p>\u201cEn Yucat\u00e1n se tiene a los maestros m\u00e1s competitivos del pa\u00eds, muestra de ellos es que tres de siete maestros que fueron reconocidos por Mexicanos Primero son yucatecos\u201d, indic\u00f3.<\/p>\n<\/p>\n<p>Respecto de falta de libros de texto gratuito en algunas escuelas se\u00f1al\u00f3 que esta clase de problemas deber\u00e1n resolverse en esta semana.<\/p>\n<p>\u201cTenemos la experiencia de los a\u00f1os anteriores y lo que puede suceder es que un alumno por alg\u00fan motivo se cambi\u00f3 de escuela y esto significa que se le d\u00e9 de baja en un lugar, pero se tenga que acomodar en otro\u201d, precis\u00f3.<\/p>\n<p>Indic\u00f3 que tambi\u00e9n puede darse el caso que en alg\u00fan colegio se necesite otro grupo porque hay sobrecupo y para ello se requerir\u00e1 a otro maestro.<\/p>\n<p><\/p>\n","protected":false},"excerpt":{"rendered":"<p>El titular de la Secretar\u00eda de Educaci\u00f3n del Gobierno del Estado de Yucat\u00e1n (Segey), V\u00edctor Caballero Dur\u00e1n, inform\u00f3 que para este ciclo escolar se co<\/p>\n","protected":false},"author":1018,"featured_media":0,"comment_status":"open","ping_status":"open","sticky":false,"template":"","format":"standard","meta":{"tdm_status":"","tdm_grid_status":"","footnotes":""},"categories":[21],"tags":[],"_links":{"self":[{"href":"https:\/\/dralvarez.com.mx\/larevista\/wp-json\/wp\/v2\/posts\/57124"}],"collection":[{"href":"https:\/\/dralvarez.com.mx\/larevista\/wp-json\/wp\/v2\/posts"}],"about":[{"href":"https:\/\/dralvarez.com.mx\/larevista\/wp-json\/wp\/v2\/types\/post"}],"author":[{"embeddable":true,"href":"https:\/\/dralvarez.com.mx\/larevista\/wp-json\/wp\/v2\/users\/1018"}],"replies":[{"embeddable":true,"href":"https:\/\/dralvarez.com.mx\/larevista\/wp-json\/wp\/v2\/comments?post=57124"}],"version-history":[{"count":0,"href":"https:\/\/dralvarez.com.mx\/larevista\/wp-json\/wp\/v2\/posts\/57124\/revisions"}],"wp:attachment":[{"href":"https:\/\/dralvarez.com.mx\/larevista\/wp-json\/wp\/v2\/media?parent=57124"}],"wp:term":[{"taxonomy":"category","embeddable":true,"href":"https:\/\/dralvarez.com.mx\/larevista\/wp-json\/wp\/v2\/categories?post=57124"},{"taxonomy":"post_tag","embeddable":true,"href":"https:\/\/dralvarez.com.mx\/larevista\/wp-json\/wp\/v2\/tags?post=57124"}],"curies":[{"name":"wp","href":"https:\/\/api.w.org\/{rel}","templated":true}]}}