{"id":57123,"date":"2017-08-29T00:00:00","date_gmt":"2017-08-29T06:00:00","guid":{"rendered":"https:\/\/dralvarez.com.mx\/larevista\/blog\/presenta-poder-judicial-del-estado-de-yucatan-obra-que-analiza-la-constitucion-federal-16672"},"modified":"2017-08-29T00:00:00","modified_gmt":"2017-08-29T06:00:00","slug":"presenta-poder-judicial-del-estado-de-yucatan-obra-que-analiza-la-constitucion-federal-16672","status":"publish","type":"post","link":"https:\/\/dralvarez.com.mx\/larevista\/yucatan\/presenta-poder-judicial-del-estado-de-yucatan-obra-que-analiza-la-constitucion-federal-16672","title":{"rendered":"Presenta Poder Judicial del Estado de Yucat\u00e1n obra que analiza la Constituci\u00f3n Federal"},"content":{"rendered":"<\/p>\n<p>Magistrados, jueces y servidores judiciales analizaron y expusieron sus consideraciones respecto de diversas tem\u00e1ticas contenidas en la Constituci\u00f3n Pol\u00edtica de los Estados Unidos Mexicanos (CPEUM) o bien que est\u00e1n ausentes en ella y que forman parte de una obra editada por el Poder Judicial del Estado de Yucat\u00e1n en ocasi\u00f3n del Centenario de la Carta Magna y que fue presentada este d\u00eda.&nbsp;<\/p>\n<p>El magistrado Jorge Rivero Evia, integrante de la sala colegiada civil y familiar del Tribunal Superior de Justicia abri\u00f3 la presentaci\u00f3n de esta obra, la cual result\u00f3 de los trabajos recibidos como respuesta a una convocatoria coordinada por el magistrado de la sala penal de este mismo tribunal Ricardo de Jes\u00fas Avila Heredia desde septiembre del a\u00f1o pasado y que estuvo dirigida a todos los servidores p\u00fablicos adscritos a las \u00e1reas jurisdiccionales y administrativas.&nbsp;<\/p>\n<p>La iniciativa se enmarca en los festejos por la conmemoraci\u00f3n del Centenario de la Constituci\u00f3n promulgada el 5 de febrero de 1997. Los ensayos, contenidos en el libro que se present\u00f3 y distribuy\u00f3 hoy, se refieren a tem\u00e1ticas relacionadas con el derecho penal, civil y de adolescentes, bajo el t\u00edtulo \u201cCentenario de la Constituci\u00f3n Pol\u00edtica 1917-2017\u201d.<\/p>\n<p>El magistrado Rivero Evia resalt\u00f3 que la Constituci\u00f3n federal ha tenido una vor\u00e1gine de cambios, a raz\u00f3n de siete modificaciones al a\u00f1o, lo que implica 700 cambios en toda su vida, pero que para el juzgador es incluso m\u00e1s importante lo que no est\u00e1 establecido en ella, porque es lo que da pie a la argumentaci\u00f3n e interpretaci\u00f3n al momento de su aplicaci\u00f3n.<\/p>\n<p>Dijo que algunas de estas reformas han sido afortunadas, entre ellas el cambio al art\u00edculo 1 que pas\u00f3 de otorgar garant\u00edas individuales a reconocer los Derechos Humanos de todas las personas, as\u00ed tambi\u00e9n algunas resoluciones de la Suprema Corte de Justicia de la Naci\u00f3n en cuanto a la posibilidad de que haya un control de convencionalidad como control de la propia Constituci\u00f3n.<\/p>\n<p>Mencion\u00f3 que otra reforma de este tipo fue la penal que sustituy\u00f3 la teor\u00eda del delito que prevalec\u00eda, por una teor\u00eda del caso en la que ya no se requiere el cuerpo del delito y la cual s\u00f3lo hab\u00eda derivado en confusiones doctrinales y pr\u00e1cticas impropias.<\/p>\n<p>Por su parte, la secretaria de estudio y cuenta de la ponencia 5a, &nbsp;Rosa Mar\u00eda P\u00e9rez Patr\u00f3n, analiz\u00f3 el art\u00edculo 27 constitucional desde la perspectiva civil y c\u00f3mo se dio el abordaje de la propiedad individual y el bien com\u00fan y enfatiz\u00f3 que la Constituci\u00f3n refleja en este art\u00edculo el entorno social de la \u00e9poca.<\/p>\n<p>En su oportunidad, el titular de la Unidad de Asuntos Jur\u00eddicos y Sistematizaci\u00f3n de precedentes del Tribunal Superior de Justicia del Estado, Carlos Cetina Patr\u00f3n, se refiri\u00f3 a la necesidad de que se incluya alg\u00fan tipo de procedimiento por omisi\u00f3n convencional derivado del bloque constitucional de los tratados en la materia en cuanto al error judicial.<\/p>\n<p>Finalmente, la jueza especializada en Justicia para Adolescentes, Mar\u00eda Danila Dzul Tec expuso que la reforma constitucional de 2005 en materia de justicia especializada para adolescentes fue ben\u00e9fica, ya que impuls\u00f3 una justicia terap\u00e9utica y marco una nuevo paradigma como respuesta del Estado Mexicano para tratar de manera especializada al sistema penal que procesa y juzga a los adolescentes que entran en conflicto con la ley.<\/p>\n<p>La obra es integrada por cinco ensayos realizados, adem\u00e1s de los presentadores, por los siguientes servidores judiciales: \u201cLos or\u00edgenes y contenido del Art\u00edculo 27 de la Constituci\u00f3n de 1927\u201d,Sary Eugenia Avila Novelo, Luis Alfonso M\u00e9ndez Corcuera, Lourdes Isabel Reyes Arce, Mygdalia A. Rodr\u00edguez Arcovedo, Sara Elena Toledo Gonz\u00e1lez; \u201cEvoluci\u00f3n de la Justicia para adolescentes desde el enfoque constitucional y de derechos humanos\u201d, Dalia Isabel S\u00e1nchez Cuevas, manuela Francisca Chiu Dorantes, Rodrigo Mois\u00e9s Dajdaj Germ\u00f3n, Viridiana Acevedo Ceballos y Mar\u00eda Danila Dzul Tec.<\/p>\n<p>\u201cLa teor\u00eda del delito en la Constituci\u00f3n Mexicana\u201d y \u201cNuevos paradigmas del control de convencionalidad por los jueces locales\u201d fueron ensayos realizados por el Magistrado Rivero Evia y \u201cConstituci\u00f3n y error judicial en M\u00e9xico\u201d por Cetina Patr\u00f3n.<\/p>\n<p>Al &nbsp;evento asisti\u00f3 el presidente del Tribunal Superior de Justica y del Consejo de la Judicatura del Poder Judicial del Estado, magistrado Marcos Alejandro Celis Quintal as\u00ed como el Director de Legislaci\u00f3n y Normatividad del Gobierno del Estado, licenciado Javier Garc\u00eda Robles en representaci\u00f3n del Gobernador Constitucional del Estado Rolando Zapata Bello; el Abogado General de la Universidad Aut\u00f3noma de Yucat\u00e1n, Ren\u00e1n Sol\u00eds S\u00e1nchez; la vice fiscal especializada en Justica para adolescentes, Beatriz Dom\u00ednguez Medina; la Secretaria Ejecutiva de la Comisi\u00f3n para la Implementaci\u00f3n de la Reforma en Materia de Seguridad y Justicia, Beatriz Dom\u00ednguez Medina e Irene Torres Orteg\u00f3n, titular de la Procuradur\u00eda de la Defensa del Menor y la Familia.<\/p>\n<p>Tambi\u00e9n &nbsp;estuvieron presentes las magistradas Ligia Aurora Cort\u00e9s Ortega, Mygdalia Astrid Rodr\u00edguez Arcovedo, Adda Lucelly C\u00e1mara Vallejos y Leticia del Socorro Cob\u00e1 Maga\u00f1a y los magistrados Ricardo \u00c1vila Heredia y Luis Felipe Esper\u00f3n Villanueva, as\u00f3 como el consejero Luis Jorge Parra Arceo y las consejeras Melba Angelina M\u00e9ndez Hern\u00e1ndez, Sara Luisa Castro Almeida y Silvia Carolina Estrada Gamboa.<\/p><\/p>\n","protected":false},"excerpt":{"rendered":"<p>Magistrados, jueces y servidores judiciales analizaron y expusieron sus consideraciones respecto de diversas tem\u00e1ticas contenidas en la Constituci\u00f3n P<\/p>\n","protected":false},"author":1018,"featured_media":0,"comment_status":"open","ping_status":"open","sticky":false,"template":"","format":"standard","meta":{"tdm_status":"","tdm_grid_status":"","footnotes":""},"categories":[21],"tags":[],"_links":{"self":[{"href":"https:\/\/dralvarez.com.mx\/larevista\/wp-json\/wp\/v2\/posts\/57123"}],"collection":[{"href":"https:\/\/dralvarez.com.mx\/larevista\/wp-json\/wp\/v2\/posts"}],"about":[{"href":"https:\/\/dralvarez.com.mx\/larevista\/wp-json\/wp\/v2\/types\/post"}],"author":[{"embeddable":true,"href":"https:\/\/dralvarez.com.mx\/larevista\/wp-json\/wp\/v2\/users\/1018"}],"replies":[{"embeddable":true,"href":"https:\/\/dralvarez.com.mx\/larevista\/wp-json\/wp\/v2\/comments?post=57123"}],"version-history":[{"count":0,"href":"https:\/\/dralvarez.com.mx\/larevista\/wp-json\/wp\/v2\/posts\/57123\/revisions"}],"wp:attachment":[{"href":"https:\/\/dralvarez.com.mx\/larevista\/wp-json\/wp\/v2\/media?parent=57123"}],"wp:term":[{"taxonomy":"category","embeddable":true,"href":"https:\/\/dralvarez.com.mx\/larevista\/wp-json\/wp\/v2\/categories?post=57123"},{"taxonomy":"post_tag","embeddable":true,"href":"https:\/\/dralvarez.com.mx\/larevista\/wp-json\/wp\/v2\/tags?post=57123"}],"curies":[{"name":"wp","href":"https:\/\/api.w.org\/{rel}","templated":true}]}}