{"id":57108,"date":"2017-08-29T00:00:00","date_gmt":"2017-08-29T06:00:00","guid":{"rendered":"https:\/\/dralvarez.com.mx\/larevista\/blog\/adultos-mayores-esenciales-para-el-desarrollo-de-yucatan-16657"},"modified":"2017-08-29T00:00:00","modified_gmt":"2017-08-29T06:00:00","slug":"adultos-mayores-esenciales-para-el-desarrollo-de-yucatan-16657","status":"publish","type":"post","link":"https:\/\/dralvarez.com.mx\/larevista\/yucatan\/adultos-mayores-esenciales-para-el-desarrollo-de-yucatan-16657","title":{"rendered":"Adultos mayores, esenciales para el desarrollo de Yucat\u00e1n"},"content":{"rendered":"<\/p>\n<p>M\u00e9rida, Yucat\u00e1n, 28 de agosto de 2017.- Como una gran fiesta para hacer de la vinculaci\u00f3n intergeneracional una realidad, la Expo Adulto Mayor 2017 ofrecer\u00e1 desde este d\u00eda y hasta el mi\u00e9rcoles un amplio abanico de actividades para la recreaci\u00f3n, el cuidado de la salud, y la inclusi\u00f3n social y laboral de este sector de la poblaci\u00f3n.<u><\/u><u><\/u><\/p>\n<p>En el marco del D\u00eda de los Abuelos, el Gobernador Rolando Zapata Bello inaugur\u00f3 la d\u00e9cima edici\u00f3n de este foro, durante el cual se llevar\u00e1n a cabo eventos art\u00edsticos, pl\u00e1ticas informativas, talleres y conferencias, as\u00ed como espect\u00e1culos musicales para acercar a este grupo A los servicios y oportunidades que tienen en Yucat\u00e1n.&nbsp;<\/p>\n<p><u><\/u><\/p>\n<p>Entre los participantes de esta primera jornada se encontraba Mar\u00eda Alicia Pech de 80 a\u00f1os de edad, quien junto con sus 11 compa\u00f1eras del Club del DIF de Yoba\u00edn, present\u00f3 un bailable en el escenario principal y aprovech\u00f3 para realizarse pruebas de salud en los diferentes m\u00f3dulos. Adem\u00e1s, hizo nuevas amistades al unirse al taller de costura que imparti\u00f3 la Casa de las Artesan\u00edas del Estado.<\/p>\n<p>\u201cHe estado visitando todo lo que hay y me da ganas de estar en todo; hay muchos programas que no conoc\u00eda y se siente muy bonito que nos tomen en cuenta, porque tenemos las ganas para participar\u201d, agreg\u00f3.<\/p>\n<p>Acompa\u00f1ado de la Presidenta del Sistema para el Desarrollo Integral de la Familia (DIF) Yucat\u00e1n, Sarita Blancarte de Zapata, y de la directora del Instituto Nacional de las Personas Adultas Mayores (Inapam), Aracelly Escalante Jasso, el mandatario convoc\u00f3 a la formaci\u00f3n de una cultura de respeto y admiraci\u00f3n para las generaciones mayores, pues representan un conjunto de experiencias y conocimientos necesarios para la sociedad y para que contin\u00fae la din\u00e1mica de crecimiento de la entidad.<\/p>\n<p>\u201cEse gran entusiasmo y talentos que tienen todos ustedes es lo que necesita la sociedad, sus valores, su empuje y \u00e1nimo, porque una sociedad que vive y se desarrolla adecuadamente es una sociedad que respeta a sus adultos mayores\u201d, se\u00f1al\u00f3 el titular del Poder Ejecutivo.<\/p>\n<p>Al respecto, ratific\u00f3 el compromiso de la actual administraci\u00f3n estatal de seguir impulsando esquemas que alimenten el \u00e1nimo y brinden la atenci\u00f3n necesaria, para que los beneficios de esta etapa de la vida se conviertan en una realidad para todos ellos.<\/p>\n<p>En esta ocasi\u00f3n, se cuenta con 70 expositores de dependencias gubernamentales, instituciones acad\u00e9micas, empresas privadas y asociaciones civiles. Se espera que, durante estos tres d\u00edas, se rebase la cifra de cuatro mil asistentes de a\u00f1os anteriores, por lo que el sal\u00f3n Chich\u00e9n Itz\u00e1 del Centro de Convenciones Yucat\u00e1n Siglo XXI, sede del encuentro, estar\u00e1 abierto desde las 10:00 y hasta las 20:00 horas.<\/p>\n<p>Al dirigir su mensaje, Blancarte de Zapata resalt\u00f3 que esta iniciativa se enfoca especialmente en los adultos mayores y los suyos, ya que tiene la finalidad de crear una plataforma que fomente no s\u00f3lo las actividades f\u00edsicas y productivas, sino tambi\u00e9n la convivencia familiar.<\/p>\n<p>Antes de cortar el list\u00f3n inaugural, el mandatario conoci\u00f3 personalmente cada uno de los servicios y beneficios que se ofrecen en la muestra. Ah\u00ed, atestigu\u00f3 la expedici\u00f3n de un acta de nacimiento para Rosa del Carmen Arias Cruz y los descuentos de hasta un 50 por ciento en el consumo de agua potable para los festejados.<\/p>\n<p><b><i>Discurso del Gobernador Rolando Zapata Bello <\/i><\/b><\/p>\n<p><\/p>\n<\/p>\n<p>Muy buenas tardes. Me da un enorme gusto estar aqu\u00ed, estar particularmente en este d\u00eda, en este d\u00eda en el que, como todos los d\u00edas, los 365 d\u00edas del a\u00f1o, nos unimos, nos sumamos toda la sociedad para abrazar, para impulsar, para arropar a todos nuestros adultos mayores.<u><\/u><u><\/u><\/p>\n<p>Y lo digo as\u00ed, con mucha emoci\u00f3n, porque haciendo el recorrido de esta Expo Adulto Mayor 2017, podemos ver c\u00f3mo las instituciones educativas, c\u00f3mo las organizaciones de la sociedad civil, las instituciones del Gobierno federal, las instituciones estatales, los municipios, todos est\u00e1n poniendo de su parte para garantizar que todos esos espacios de participaci\u00f3n tan importantes para todo ser humano sean efectivos para nuestros adultos mayores.<u><\/u><u><\/u><\/p>\n<p>Yo le quiero agradecer much\u00edsimo a Cheli, como le decimos con mucho cari\u00f1o, licenciada Aracely Escalante, directora General del Inapam, agradecerle su presencia, particularmente en este d\u00eda tan importante, que est\u00e9 aqu\u00ed, que est\u00e9 con nosotros, que est\u00e9 tray\u00e9ndonos ese mensaje de trabajo conjunto, ese mensaje de optimismo y ese mensaje de gran apoyo para el estado que siempre hemos recibido de un gran amigo de Yucat\u00e1n, el Presidente Enrique Pe\u00f1a Nieto. Muchas gracias, Cheli, y contigo agradecer a todas las instituciones del Gobierno federal que aqu\u00ed vemos, a los representantes de las delegaciones que est\u00e1n participando y apoyando todos los d\u00edas.<u><\/u><u><\/u><\/p>\n<p>Yo quiero agradecerle mucho de igual manera a una persona que a m\u00ed me consta que todos los d\u00edas trabaja muy fuerte por la familia, trabaja muy fuerte para todos los sectores de la poblaci\u00f3n, pero particularmente, s\u00e9 del gran cari\u00f1o que le tiene a los adultos mayores y me refiero a mi esposa Sarita, Presidenta del DIF Yucat\u00e1n. Muchas gracias, Sarita. Y se los digo porque siempre, cuando se realizan estos eventos, ella pues los d\u00edas previos siempre est\u00e1 muy pendiente, muy atenta y, por eso, me da mucho gusto verla contenta, siempre sonriendo. Muchas gracias, Sarita.<u><\/u><u><\/u><\/p>\n<p>Muchas gracias, doctor Limber, y a todo el equipo del DIF, al doctor Limber y a todo el equipo del DIF, vamos a darles un aplauso muy fuerte a todos los del equipo del DIF porque le echan muchas ganas, porque le echan muchas ganas y dedicaci\u00f3n para que todo salga bien, para que ustedes se sientan atendidos, para que, de verdad, para que todo este esfuerzo realmente sea para beneficio de todos ustedes.<u><\/u><u><\/u><\/p>\n<p>Quiero saludar a nuestros diputados federales; muchas gracias, Libo; muchas gracias, Panchito; muchas gracias, Pablo. Muchas gracias a nuestros diputados federales, que siempre, desde el Congreso de la Uni\u00f3n, ponen todo su esfuerzo para apoyarnos, para ver que se hagan programas fundamentalmente de apoyo al adulto mayor.<u><\/u><u><\/u><\/p>\n<p>Muchas gracias a los diputados locales, diputadas, diputados; muchas gracias, diputada Celia Rivas, y a nuestras diputadas y diputados locales de aqu\u00ed, el Congreso del Estado; gracias porque, desde all\u00ed, desde el Congreso del Estado, se han impulsado presupuestos, programas y leyes de beneficio directo para las personas de la tercera edad, para los adultos mayores.<u><\/u><u><\/u><\/p>\n<p>Muchas gracias a los funcionarios estatales, federales y municipales, que se encuentran aqu\u00ed presentes todos con ese gran apoyo, y agradecerle a do\u00f1a Minelia Mena, muchas gracias por su gran entusiasmo. De verdad que ver ese video, como dec\u00eda Cheli hace un momento, nos motiva mucho, nos da una gran emoci\u00f3n, nos da una gran emoci\u00f3n y un gran entusiasmo saludar, de igual manera, a la delegada Minelia, Mine, muchas gracias.<u><\/u><u><\/u><\/p>\n<p>Al presidente de la Comisi\u00f3n Estatal de los Derechos Humanos, much\u00edsimas gracias; much\u00edsimas gracias a todos, sin excepci\u00f3n, porque les dec\u00eda hace un momento que este es un esfuerzo conjunto, esta es una suma de esfuerzos y f\u00edjense lo bonito que es ver en un mismo espacio, como es este gran sal\u00f3n, representada la presencia y el apoyo de las instituciones p\u00fablicas, pero tambi\u00e9n de organizaciones de la sociedad civil, tambi\u00e9n de instituciones educativas, tambi\u00e9n de los espacios municipales.<u><\/u><u><\/u><\/p>\n<p>Quiero saludar a las presidentas y a los presidentes municipales, vamos a darles un aplauso, porque su presencia aqu\u00ed nos significa el compromiso que tienen con los adultos mayores. Aqu\u00ed veo, por supuesto, al Club del Adulto Mayor de Cacalch\u00e9n presente, vamos a darle un aplauso; de Kanas\u00edn, aqu\u00ed est\u00e1 Kanas\u00edn; de Santa Elena; de R\u00edo Lagartos; de Cuzam\u00e1; de Motul; aqu\u00ed est\u00e1 presente Izamal, tambi\u00e9n, muchas gracias.<u><\/u><u><\/u><\/p>\n<p>Nos comenta el doctor Limber que ser\u00e1n aproximadamente 80 municipios, 80 clubes que estar\u00e1n viniendo durante los tres d\u00edas, hoy, ma\u00f1ana y pasado, que est\u00e1n organizados para venir, participar, para hacer sus exposiciones, para hacer sus presentaciones, tambi\u00e9n, aqu\u00ed en este escenario; un saludo a todos y a todas, por ese gran compromiso que tienen con la sociedad.<u><\/u><u><\/u><\/p>\n<p>Bien lo dijo mi esposa Sarita hace un momento: todo ese gran talento, toda esa gran experiencia, todo ese entusiasmo que tienen nuestras y nuestros adultos mayores, los necesitan nuestra sociedad; sus valores, su empuje; repito, su entusiasmo y su \u00e1nimo, que es algo que ve\u00edamos en el video y que lo vemos en todos los Clubes del Adulto Mayor, es algo que nuestra sociedad necesita.<u><\/u><u><\/u><\/p>\n<p>Por eso, necesitamos su participaci\u00f3n y, por eso, en un espacio como \u00e9ste, reiteramos el compromiso que tenemos con autoridades, cada quien en el \u00e1mbito de su responsabilidad pero sumando esfuerzos, siguiendo las directrices que nos marca el Presidente Pe\u00f1a Nieto, cada quien en el \u00e1mbito federal, en el \u00e1mbito estatal y en \u00e1mbito municipal.<u><\/u><u><\/u><\/p>\n<p>Haciendo la parte que nos corresponda para garantizar que todos esos espacios educativos, esos espacios laborales, esos espacios recreativos, ocupacionales, de servicio, todos esos espacios de din\u00e1micas que se requieren, de salud, fundamentalmente, que se requieren para la atenci\u00f3n de la tercera edad, sean una realidad y sean accesibles para todos nuestros adultos mayores.<u><\/u><u><\/u><\/p>\n<p>Por eso, reunirnos en una ocasi\u00f3n como \u00e9sta siempre es motivante, reunirnos en una ocasi\u00f3n como \u00e9sta siempre nos hace redoblar nuestro compromiso, siempre nos motiva a ratificar la responsabilidad que tenemos pero que, adem\u00e1s, lo decimos con gran entusiasmo, con una gran simpat\u00eda, porque una sociedad que vive y se desarrolla adecuadamente, es una sociedad que respeta a sus adultos mayores.<u><\/u><u><\/u><\/p>\n<p>Por eso estamos aqu\u00ed, para eso estamos aqu\u00ed y les decimos, ante todo, disfruten y hagan suya esta Expo Adulto Mayor, hagan uso de todos los servicios que aqu\u00ed se ponen a su disposici\u00f3n pero, fundamentalmente, disfr\u00fatenla porque se hizo para ustedes y ratificamos nuestro compromiso de trabajar los 365 d\u00edas del a\u00f1o por nuestros adultos mayores. Muchas felicidades y a seguir trabajando todos juntos. Muchas gracias.<\/p><\/p>\n","protected":false},"excerpt":{"rendered":"<p>Con 70 expositores, inici\u00f3 la d\u00e9cima edici\u00f3n de la Expo enfocada en este sector.<\/p>\n","protected":false},"author":1018,"featured_media":0,"comment_status":"open","ping_status":"open","sticky":false,"template":"","format":"standard","meta":{"tdm_status":"","tdm_grid_status":"","footnotes":""},"categories":[21],"tags":[],"_links":{"self":[{"href":"https:\/\/dralvarez.com.mx\/larevista\/wp-json\/wp\/v2\/posts\/57108"}],"collection":[{"href":"https:\/\/dralvarez.com.mx\/larevista\/wp-json\/wp\/v2\/posts"}],"about":[{"href":"https:\/\/dralvarez.com.mx\/larevista\/wp-json\/wp\/v2\/types\/post"}],"author":[{"embeddable":true,"href":"https:\/\/dralvarez.com.mx\/larevista\/wp-json\/wp\/v2\/users\/1018"}],"replies":[{"embeddable":true,"href":"https:\/\/dralvarez.com.mx\/larevista\/wp-json\/wp\/v2\/comments?post=57108"}],"version-history":[{"count":0,"href":"https:\/\/dralvarez.com.mx\/larevista\/wp-json\/wp\/v2\/posts\/57108\/revisions"}],"wp:attachment":[{"href":"https:\/\/dralvarez.com.mx\/larevista\/wp-json\/wp\/v2\/media?parent=57108"}],"wp:term":[{"taxonomy":"category","embeddable":true,"href":"https:\/\/dralvarez.com.mx\/larevista\/wp-json\/wp\/v2\/categories?post=57108"},{"taxonomy":"post_tag","embeddable":true,"href":"https:\/\/dralvarez.com.mx\/larevista\/wp-json\/wp\/v2\/tags?post=57108"}],"curies":[{"name":"wp","href":"https:\/\/api.w.org\/{rel}","templated":true}]}}