{"id":57102,"date":"2017-08-29T00:00:00","date_gmt":"2017-08-29T06:00:00","guid":{"rendered":"https:\/\/dralvarez.com.mx\/larevista\/blog\/la-participacion-social-activa-clave-para-una-gestion-exitosa-julian-zacarias-16650"},"modified":"2017-08-29T00:00:00","modified_gmt":"2017-08-29T06:00:00","slug":"la-participacion-social-activa-clave-para-una-gestion-exitosa-julian-zacarias-16650","status":"publish","type":"post","link":"https:\/\/dralvarez.com.mx\/larevista\/yucatan\/la-participacion-social-activa-clave-para-una-gestion-exitosa-julian-zacarias-16650","title":{"rendered":"&#8220;La participaci\u00f3n social activa: clave para una gesti\u00f3n exitosa.&#8221;: Juli\u00e1n Zacar\u00edas"},"content":{"rendered":"<p>&#8220;La participaci\u00f3n social activa es clave para una gesti\u00f3n exitosa&#8221; remarc\u00f3 Juli\u00e1n Zacar\u00edas Curi al participar como VicePresidente de Vinculaci\u00f3n Empresarial de &#8220;Masters Yucat\u00e1n&#8221; AC en el lanzamiento del Programa de Participaci\u00f3n Social 2017 del Cap\u00edtulo Progreso de la agrupaci\u00f3n que encabeza el Lic. Miguel Anguas P\u00e9rez. Durante el evento, efectuado en d\u00edas pasados en conocido sal\u00f3n del puerto de Progreso, Zacar\u00edas Curi fue acompa\u00f1ado de su esposa Alma Guti\u00e9rrez de Zacar\u00edas, y convivi\u00f3 con decenas de ciudadanos que recibieron apoyos de parte de la asociaci\u00f3n civil. &#8220;Estos apoyos&#8221; se\u00f1al\u00f3 en su intervenci\u00f3n; &#8220;han sido logrados gracias a la conciencia social de varios empresarios comprometidos con la gente. Masters pone su granito de arena gestionando y acerc\u00e1ndolos a los sectores menos favorecidos de nuestra comunidad&#8221;. Diversos apoyos en especie fueron entregados a los asistentes provenientes de Chicxulub Puerto, Chuburn\u00e1, Flamboyanes y otras comisar\u00edas y colonias del Puerto, quienes de forma previa hicieron las solicitudes a la asociaci\u00f3n.<\/p>\n<p>Pol\u00edtica con compromiso<\/p>\n<p>Al conocerse la realizaci\u00f3n de encuestas de posicionamiento en el puerto de Progreso a fin de conocer la opini\u00f3n de los ciudadanos sobre el estado de la actual administraci\u00f3n municipal as\u00ed como sus preferencias de cara al proceso electoral del pr\u00f3ximo a\u00f1o; LA REVISTA contact\u00f3 a Juli\u00e1n Zacar\u00edas qui\u00e9n respondi\u00f3 a la pregunta: Juli\u00e1n; ya est\u00e1s en las encuestas junto con otros tres actores de la pol\u00edtica del Puerto, que puedes decirnos sobre esto ? &#8220;Mira, lo que puedo decir es que solo es el reflejo de la percepci\u00f3n del ciudadano, qui\u00e9n representa una opci\u00f3n seria y una oportunidad de que las cosas cambien. Yo no soy un pol\u00edtico de carrera, pero me gusta la pol\u00edtica; la pol\u00edtica con participaci\u00f3n social activa, con compromiso. Ve lo qu\u00e9 pas\u00f3 el d\u00eda de ayer en la Suprema Corte, los Ministros validaron la llamada &#8220;Ley Kumamoto&#8221; que se\u00f1ala que debe retirarse el dinero p\u00fablico a los partidos que menos votos reciban. Coincido con esa visi\u00f3n, los partidos son de la gente, a la gente se deben. Esto nos debe encender las alarmas y preguntarnos qu\u00e9 queremos para el futuro no solo de Progreso, o de Yucat\u00e1n sino de todo M\u00e9xico este 2018.&#8221; M\u00e1s claro, Juli\u00e1n: te ves en la boleta el pr\u00f3ximo a\u00f1o ? &#8220;Por supuesto que estar\u00e9 en la boleta en 2018, ya he expresado a otros medios mi decisi\u00f3n de participar en la elecci\u00f3n, y puedo decirte que tenemos resultados de algunas mediciones y estamos arriba, la gente me conoce, ya tenemos casi tres a\u00f1os trabajando hombro a hombro con colonias y comisar\u00edas. La gente est\u00e1 cansada de servidores p\u00fablicos que no sirven, que ven el puesto como la plataforma para el siguiente cargo. Y se est\u00e1 demostrando en los hechos.&#8221; Juli\u00e1n: por \u00faltimo, el PRI te se\u00f1ala entre sus propuestas para la presidencia municipal, qu\u00e9 opinas al respecto? &#8220;Mira, el PRI en Progreso es el partido mejor organizado, y pienso que est\u00e1 en aptitud de recuperar la alcald\u00eda de la mano de un candidato diferente, pensante, sacado de la sociedad, pero sobre todo prudente y con valores.&#8221; Ese candidato eres t\u00fa? &#8220;Dejemos que la gente hable, en nosotros est\u00e1 el escuchar.&#8221;<\/p>\n","protected":false},"excerpt":{"rendered":"<p>&#8220;La participaci\u00f3n social activa es clave para una gesti\u00f3n exitosa&#8221; remarc\u00f3 Juli\u00e1n Zacar\u00edas Curi al participar como VicePresidente de Vinculaci\u00f3n Empre<\/p>\n","protected":false},"author":1018,"featured_media":0,"comment_status":"open","ping_status":"open","sticky":false,"template":"","format":"standard","meta":{"tdm_status":"","tdm_grid_status":"","footnotes":""},"categories":[21],"tags":[],"_links":{"self":[{"href":"https:\/\/dralvarez.com.mx\/larevista\/wp-json\/wp\/v2\/posts\/57102"}],"collection":[{"href":"https:\/\/dralvarez.com.mx\/larevista\/wp-json\/wp\/v2\/posts"}],"about":[{"href":"https:\/\/dralvarez.com.mx\/larevista\/wp-json\/wp\/v2\/types\/post"}],"author":[{"embeddable":true,"href":"https:\/\/dralvarez.com.mx\/larevista\/wp-json\/wp\/v2\/users\/1018"}],"replies":[{"embeddable":true,"href":"https:\/\/dralvarez.com.mx\/larevista\/wp-json\/wp\/v2\/comments?post=57102"}],"version-history":[{"count":0,"href":"https:\/\/dralvarez.com.mx\/larevista\/wp-json\/wp\/v2\/posts\/57102\/revisions"}],"wp:attachment":[{"href":"https:\/\/dralvarez.com.mx\/larevista\/wp-json\/wp\/v2\/media?parent=57102"}],"wp:term":[{"taxonomy":"category","embeddable":true,"href":"https:\/\/dralvarez.com.mx\/larevista\/wp-json\/wp\/v2\/categories?post=57102"},{"taxonomy":"post_tag","embeddable":true,"href":"https:\/\/dralvarez.com.mx\/larevista\/wp-json\/wp\/v2\/tags?post=57102"}],"curies":[{"name":"wp","href":"https:\/\/api.w.org\/{rel}","templated":true}]}}