{"id":43471,"date":"2016-06-23T00:00:00","date_gmt":"2016-06-23T06:00:00","guid":{"rendered":"https:\/\/dralvarez.com.mx\/larevista\/blog\/jefe-de-oea-llama-a-paises-miembros-ayudar-a-venezuela-a-volver-a-democracia-2378"},"modified":"2024-02-26T03:22:07","modified_gmt":"2024-02-26T09:22:07","slug":"jefe-de-oea-llama-a-paises-miembros-ayudar-a-venezuela-a-volver-a-democracia-2378","status":"publish","type":"post","link":"https:\/\/dralvarez.com.mx\/larevista\/internacional\/jefe-de-oea-llama-a-paises-miembros-ayudar-a-venezuela-a-volver-a-democracia-2378","title":{"rendered":"Jefe de OEA llama a pa\u00edses miembros ayudar a Venezuela a &#8220;volver&#8221; a democracia"},"content":{"rendered":"<\/p>\n<p>El secretario general de la OEA, Luis Almagro, llam\u00f3 este jueves a los pa\u00edses miembros a ayudar a Venezuela a &#8220;volver&#8221; a la democracia y apoyar la realizaci\u00f3n de un referendo revocatorio contra el presidente Nicol\u00e1s Maduro.<\/p>\n<p>En una sesi\u00f3n extraordinaria del Consejo Permanente sobre la crisis pol\u00edtica y econ\u00f3mica en Venezuela, Almagro dijo que el pa\u00eds suramericano atraviesa &#8220;una grave alteraci\u00f3n del orden constitucional&#8221; y democr\u00e1tico.<\/p>\n<p>Pero las casi cuatro horas de debates concluyeron sin una decisi\u00f3n sobre la aplicaci\u00f3n al pa\u00eds suramericano de la Carta Democr\u00e1tica, un documento que faculta a la OEA a tomar medidas en casos de alteraci\u00f3n del orden institucional en un pa\u00eds miembro.<\/p>\n<p>Almagro se\u00f1al\u00f3 que el objetivo de la sesi\u00f3n &#8220;no es castigar ni sancionar a Venezuela&#8221;.<\/p>\n<p>&#8220;Estamos aqu\u00ed para apoyar a un Estado miembro y ayudarlo a volver al camino de la democracia&#8221;, apunt\u00f3.<\/p>\n<p>En medio de una grave situaci\u00f3n econ\u00f3mica -el pa\u00eds registra la inflaci\u00f3n m\u00e1s alta del mundo y en sus estantes escasean alimentos y medicinas- Almagro advirti\u00f3 que esa &#8220;crisis est\u00e1 alcanzando un punto crucial&#8221;.<\/p>\n<p>&#8211; &#8220;Un pueblo que necesita voz&#8221; &#8211;<\/p>\n<p>La oposici\u00f3n venezolana recoge firmas para impulsar la realizaci\u00f3n este a\u00f1o de un referendo revocatorio contra Maduro.<\/p>\n<p>&#8220;El Consejo Permanente debe mantenerse del lado correcto de la historia y defender a un pueblo que necesita voz&#8221;, dijo Almagro ante el pleno de embajadores de los 34 pa\u00edses de la OEA, en Washington.<\/p>\n<p>Los pa\u00edses deben &#8220;apoyar la voluntad del pueblo venezolano en su solicitud de un referendo revocatorio&#8221;, a\u00f1adi\u00f3.<\/p>\n<p>La canciller venezolana, Delcy Rodr\u00edguez, hab\u00eda intentado sin \u00e9xito cancelar la reuni\u00f3n, denunciando un &#8220;golpe de Estado en esta organizaci\u00f3n&#8221; y tachando a Almagro de ser &#8220;parte y juez&#8221; de un proceso contra el gobierno de Maduro.<\/p>\n<p>&#8220;Se pretende juzgar a un Estado miembro&#8221; de la OEA, afirm\u00f3 la diplom\u00e1tica.<\/p>\n<p>Pero una veintena de pa\u00edses, entre ellos Argentina, Brasil, Estados Unidos, Canad\u00e1, Colombia, Panam\u00e1, Paraguay, entre otros, votaron a favor de escuchar el informe de Almagro. Venezuela y sus aliados Bolivia y Nicaragua, lideraron a los doce pa\u00edses que se opusieron. Otros dos se abstuvieron.<\/p>\n<p>&#8220;Hemos sentado un precedente terrible&#8221;, dijo la canciller Rodr\u00edguez.<\/p>\n<p>De hecho, Venezuela, Bolivia y Nicaragua pidieron a Almagro su renuncia.<\/p>\n<p>&#8220;La solicitud, que con total seriedad se hace para que renuncie, sabemos que no va a atenderla, no tiene principios morales ni \u00e9ticos&#8221;, dijo la canciller venezolana.<\/p>\n<p>Esta sesi\u00f3n es la segunda en la OEA esta semana sobre la situaci\u00f3n venezolana, luego que el martes el ex presidente de gobierno espa\u00f1ol Jos\u00e9 Luis Rodr\u00edguez Zapatero tom\u00f3 la palabra para llamar a los pa\u00edses del continente a apoyar una mediaci\u00f3n entre gobierno y oposici\u00f3n en Venezuela.<\/p>\n<p>Esa iniciativa es impulsada por Rodr\u00edguez Zapatero junto con los exgobernantes de Rep\u00fablica Dominicana, Leonel Fern\u00e1ndez, y Panam\u00e1, Mart\u00edn Torrijos.<\/p>\n<p>Pero la aplicaci\u00f3n de la Carta Democr\u00e1tica es apoyada por la oposici\u00f3n venezolana, que desestima la mediaci\u00f3n de los expresidentes.<\/p>\n<p>Una comisi\u00f3n del Parlamento venezolano, encabezada por su presidente, el antichavista Henry Ramos Allup, viaj\u00f3 a Washington para asistir a la sesi\u00f3n y presionar por la aplicaci\u00f3n de la Carta Democr\u00e1tica a Venezuela.<\/p>\n<p>Almagro hab\u00eda recomendado en su informe la intervenci\u00f3n de Allup en la sesi\u00f3n, pero la presentaci\u00f3n del diputado venezolano nunca fue planteada en el debate y no habl\u00f3 ante el Consejo.<\/p>\n<p><\/p>\n","protected":false},"excerpt":{"rendered":"<p>Se\u00f1ala que el objetivo &#8220;no es castigar ni sancionar a Venezuela&#8221;<\/p>\n","protected":false},"author":1018,"featured_media":121805,"comment_status":"open","ping_status":"open","sticky":false,"template":"","format":"standard","meta":{"tdm_status":"","tdm_grid_status":"","footnotes":""},"categories":[23],"tags":[],"_links":{"self":[{"href":"https:\/\/dralvarez.com.mx\/larevista\/wp-json\/wp\/v2\/posts\/43471"}],"collection":[{"href":"https:\/\/dralvarez.com.mx\/larevista\/wp-json\/wp\/v2\/posts"}],"about":[{"href":"https:\/\/dralvarez.com.mx\/larevista\/wp-json\/wp\/v2\/types\/post"}],"author":[{"embeddable":true,"href":"https:\/\/dralvarez.com.mx\/larevista\/wp-json\/wp\/v2\/users\/1018"}],"replies":[{"embeddable":true,"href":"https:\/\/dralvarez.com.mx\/larevista\/wp-json\/wp\/v2\/comments?post=43471"}],"version-history":[{"count":0,"href":"https:\/\/dralvarez.com.mx\/larevista\/wp-json\/wp\/v2\/posts\/43471\/revisions"}],"wp:featuredmedia":[{"embeddable":true,"href":"https:\/\/dralvarez.com.mx\/larevista\/wp-json\/wp\/v2\/media\/121805"}],"wp:attachment":[{"href":"https:\/\/dralvarez.com.mx\/larevista\/wp-json\/wp\/v2\/media?parent=43471"}],"wp:term":[{"taxonomy":"category","embeddable":true,"href":"https:\/\/dralvarez.com.mx\/larevista\/wp-json\/wp\/v2\/categories?post=43471"},{"taxonomy":"post_tag","embeddable":true,"href":"https:\/\/dralvarez.com.mx\/larevista\/wp-json\/wp\/v2\/tags?post=43471"}],"curies":[{"name":"wp","href":"https:\/\/api.w.org\/{rel}","templated":true}]}}