{"id":43431,"date":"2016-06-22T00:00:00","date_gmt":"2016-06-22T06:00:00","guid":{"rendered":"https:\/\/dralvarez.com.mx\/larevista\/blog\/kaaxankilil-invita-al-taller-intensivo-de-plasticas-en-movimiento-primero-de-su-tipo-en-merida-yucatan-2338"},"modified":"2024-02-26T03:17:59","modified_gmt":"2024-02-26T09:17:59","slug":"kaaxankilil-invita-al-taller-intensivo-de-plasticas-en-movimiento-primero-de-su-tipo-en-merida-yucatan-2338","status":"publish","type":"post","link":"https:\/\/dralvarez.com.mx\/larevista\/yucatan\/kaaxankilil-invita-al-taller-intensivo-de-plasticas-en-movimiento-primero-de-su-tipo-en-merida-yucatan-2338","title":{"rendered":"Kaaxankilil invita al taller intensivo de Pl\u00e1sticas en Movimiento,  primero de su tipo en M\u00e9rida, Yucat\u00e1n"},"content":{"rendered":"<\/p>\n<p>Por<br \/>\nprimera vez en M\u00e9rida, Yucat\u00e1n, se llevar\u00e1 a cabo el taller intensivo<br \/>\n\u00abPl\u00e1sticas en movimiento\u00bb, impartido por las terapeutas <b>Tania Solomonoff<\/b><br \/>\ny <b>Malky Castro Zavala<\/b>, quienes se formaron como coordinadoras de grupos<br \/>\nen t\u00e9cnicas psicocorporales para el desarrollo humano en el <b><i>Sistema R\u00edo<br \/>\nAbierto<\/i><\/b>, fundado hace 50 a\u00f1os. La cita es el viernes y el s\u00e1bado 24 y<br \/>\n25 de junio, respectivamente, en el estudio-residencia de la compa\u00f1\u00eda de danza<br \/>\ncontempor\u00e1nea <b>Tum\u00e0ka\u2019t<\/b>; en el centro de la ciudad.<\/p>\n<p>\u00abVivimos bajo<br \/>\npatrones de acci\u00f3n corporal convertidos en h\u00e1bitos y posturas inconscientes que<br \/>\nobstruyen gran parte de nuestra vitalidad; la ansiedad, la dificultad para<br \/>\ncomunicarnos libremente, la inhibici\u00f3n de los afectos, la represi\u00f3n de la<br \/>\nsensibilidad, los dolores f\u00edsicos y las enfermedades cr\u00f3nicas son algunas de<br \/>\nlas manifestaciones resultantes de este desequilibrio energ\u00e9tico. Las pl\u00e1sticas<br \/>\nque proponemos explorar consisten en posturas y acciones psicof\u00edsicas que al movilizarse<br \/>\nreorganizan la energ\u00eda retenida o bloqueada con el fin de llevar a la<br \/>\nconsciencia la falsa representaci\u00f3n que tenemos de nosotras mismas, de nosotros<br \/>\nmismos, y transformarla. Identificar, reconocer y transitar de manera<br \/>\nconsciente por las distintas pl\u00e1sticas a trav\u00e9s de ejercicios y din\u00e1micas de<br \/>\nexpresi\u00f3n e introspecci\u00f3n enriquece la capacidad creativa, nos ancla en la<br \/>\nvivencia y flexibiliza la idea y experiencia de qui\u00e9nes somos.\u00bb<\/p>\n<p>Desde su fundaci\u00f3n hace 50<br \/>\na\u00f1os, el <b><i>Sistema R\u00edo Abierto<\/i><\/b> se ha expandido a m\u00e1s de una decena<br \/>\nde pa\u00edses como Espa\u00f1a, Italia, Uruguay, Brasil, Israel, Estados Unidos, Rusia,<br \/>\nAlemania, Austria, Suiza y, por supuesto, M\u00e9xico. En nuestro pa\u00eds s\u00f3lo existen<br \/>\ntres experiencias de este tipo: R\u00edo Abierto M\u00e9xico, en el Distrito Federal; R\u00edo<br \/>\nAbierto Laguna, en Torre\u00f3n, Coahuila, y <b>Kaaxankilil<\/b>,<br \/>\nbajo la coordinaci\u00f3n general de <b>Malky Castro Zavala<\/b>, en M\u00e9rida, Yucat\u00e1n.<\/p>\n<p>&nbsp;<\/p>\n<p><b>BENEFICIOS:<\/b><\/p>\n<p>+ Podr\u00e1s comenzar a transformar<br \/>\nalgunos patrones de acci\u00f3n establecidos a lo largo de tu vida que limitan tu propia<br \/>\nvitalidad, provocando dificultad para comunicarte, inhibici\u00f3n para mostrar tus<br \/>\nafectos, represi\u00f3n de tu propia sensibilidad, entre otros.<\/p>\n<p>+ Reorganizar\u00e1s esas energ\u00edas<br \/>\nretenidas o bloqueadas que te producen ansiedad, dolores f\u00edsicos, enfermedades<br \/>\ncr\u00f3nicas, etc.<\/p>\n<p>+ Se ampl\u00edar\u00e1 tu horizonte<br \/>\nexpresivo y creativo, as\u00ed como tus capacidades de movimiento corporal (sistema<br \/>\n\u00f3seo, muscular y neuromotor).<\/p>\n<p>+ Crear\u00e1s conciencia del<br \/>\nmomento actual que vives para, cuando lo necesites, puedas manejar mejor tus<br \/>\nestados de \u00e1nimo y mejorar as\u00ed la calidad de tu vida psicoafectiva.<\/p>\n<p><b>&nbsp;<\/b><\/p>\n<p><b>FECHAS<br \/>\nY HORARIOS DEL TALLER:<\/b><\/p>\n<p>+<br \/>\n24 y 25 de Julio de 2016.<\/p>\n<p>&#8211;<br \/>\nViernes 24, de 19h00 a 21h30.<\/p>\n<p>&#8211;<br \/>\nS\u00e1bado 25, de 9h00 a 13h30.<\/p>\n<p>&nbsp;<\/p>\n<p><b>LUGAR:<\/b><\/p>\n<p>+<br \/>\nTum\u00e0ka&#8217;t estudio + residencia<\/p>\n<p>&#8211;<br \/>\nCalle 51 # 475 A x 54 y 52, Centro. M\u00e9rida.<\/p>\n<p>&nbsp;<\/p>\n<p><b>DURACI\u00d3N<br \/>\nTOTAL DEL TALLER:<\/b><\/p>\n<p>+<br \/>\n7 horas.<\/p>\n<p>&nbsp;<\/p>\n<p><b>RECOMENDACIONES:<\/b><\/p>\n<p>+<br \/>\nTraer ropa c\u00f3moda para moverte a tu antojo.<\/p>\n<p>+<br \/>\nTraer tu botella de agua para hidratarte.<\/p>\n<p>+<br \/>\nTraer tu propia toalla para secar el sudor de tu rostro.<\/p>\n<p>&nbsp;<\/p>\n<p><b>DIRIGIDO<br \/>\nA TODO P\u00daBLICO<\/b><br \/>\ny en particular a personas interesadas en conocer t\u00e9cnicas integradoras de<br \/>\ndesarrollo personal y colectivo: + Terapeutas + Educadorxs + Trabajadorxs<br \/>\nsociales + Artistas esc\u00e9nic@s + Animadorxs + Psic\u00f3log@s + Promotorxs<br \/>\ncomunitari@s&#8230;<\/p>\n<p>&nbsp;<\/p>\n<p><b>CONSTANCIA<br \/>\nDE ASISTENCIA:<\/b><\/p>\n<p>Se<br \/>\nentregar\u00e1 una constancia de asistencia emitida por Kaaxankilil y firmada por<br \/>\nlas talleristas.<\/p>\n<p>&nbsp;<\/p>\n<p><\/p>\n","protected":false},"excerpt":{"rendered":"<p>La cita es el viernes y el s\u00e1bado 24 y 25 de junio<\/p>\n","protected":false},"author":1018,"featured_media":0,"comment_status":"open","ping_status":"open","sticky":false,"template":"","format":"standard","meta":{"tdm_status":"","tdm_grid_status":"","footnotes":""},"categories":[21],"tags":[],"_links":{"self":[{"href":"https:\/\/dralvarez.com.mx\/larevista\/wp-json\/wp\/v2\/posts\/43431"}],"collection":[{"href":"https:\/\/dralvarez.com.mx\/larevista\/wp-json\/wp\/v2\/posts"}],"about":[{"href":"https:\/\/dralvarez.com.mx\/larevista\/wp-json\/wp\/v2\/types\/post"}],"author":[{"embeddable":true,"href":"https:\/\/dralvarez.com.mx\/larevista\/wp-json\/wp\/v2\/users\/1018"}],"replies":[{"embeddable":true,"href":"https:\/\/dralvarez.com.mx\/larevista\/wp-json\/wp\/v2\/comments?post=43431"}],"version-history":[{"count":0,"href":"https:\/\/dralvarez.com.mx\/larevista\/wp-json\/wp\/v2\/posts\/43431\/revisions"}],"wp:attachment":[{"href":"https:\/\/dralvarez.com.mx\/larevista\/wp-json\/wp\/v2\/media?parent=43431"}],"wp:term":[{"taxonomy":"category","embeddable":true,"href":"https:\/\/dralvarez.com.mx\/larevista\/wp-json\/wp\/v2\/categories?post=43431"},{"taxonomy":"post_tag","embeddable":true,"href":"https:\/\/dralvarez.com.mx\/larevista\/wp-json\/wp\/v2\/tags?post=43431"}],"curies":[{"name":"wp","href":"https:\/\/api.w.org\/{rel}","templated":true}]}}